{"id":4011,"date":"2020-01-29T07:00:00","date_gmt":"2020-01-29T06:00:00","guid":{"rendered":"http:\/\/stories.valora.com\/?p=4011"},"modified":"2020-02-19T10:41:27","modified_gmt":"2020-02-19T09:41:27","slug":"caffe-spettacolo-20-ans-de-cafe-de-qualite-et-dinnovation","status":"publish","type":"post","link":"https:\/\/stories.valora.com\/fr\/caffe-spettacolo-20-ans-de-cafe-de-qualite-et-dinnovation\/","title":{"rendered":"Caff\u00e8 Spettacolo: 20 ans de caf\u00e9 de qualit\u00e9 et d\u2019innovation"},"content":{"rendered":"\n<p><strong>Le premier bar \u00e0 caf\u00e9 Caff\u00e8 Spettacolo a ouvert ses portes en mars 1999 \u00e0 Bienne. Aujourd\u2019hui, avec ses 31 filiales, le format Valora est devenu la plus grande cha\u00eene de bars \u00e0 caf\u00e9 italiens de Suisse et convainc par ses torr\u00e9factions Italianit\u00e0, certifi\u00e9es issues du commerce \u00e9quitable et bio ainsi que par ses d\u00e9licieux en-cas.<\/strong><\/p>\n\n\n\n<hr class=\"wp-block-separator is-style-wide\"\/>\n\n\n\n<p>Caff\u00e8 Spettacolo est synonyme de plaisir du caf\u00e9 \u00e0 l\u2019\u00e9tat pur et de joie de vivre \u00e0 l\u2019italienne. Le m\u00e9lange de grains \u00e0 espresso \u00e9ponyme \u00e9tait en vente chez Merkur d\u00e8s 1992. Sept ans plus tard, forte de son succ\u00e8s, Valora inaugurait le premier bar \u00e0 caf\u00e9 Caff\u00e8 Spettacolo \u00e0 Bienne. Aujourd\u2019hui, 30 autres points de vente ont \u00e9t\u00e9 ouverts dans des sites tr\u00e8s fr\u00e9quent\u00e9s partout en Suisse. Les modules de caf\u00e9 dans les points de vente de d\u00e9tail du groupe Valora permettent en plus de profiter du plaisir du caf\u00e9 \u00e0 emporter et font de Caff\u00e8 Spettacolo l\u2019un des principaux fournisseurs de caf\u00e9 de Suisse.<\/p>\n\n\n\n<figure class=\"wp-block-gallery columns-2 is-cropped wp-block-gallery-1 is-layout-flex wp-block-gallery-is-layout-flex\"><ul class=\"blocks-gallery-grid\"><li class=\"blocks-gallery-item\"><figure><a href=\"http:\/\/stories.valora.com\/wp-content\/uploads\/2020\/08\/2019-08-19_2_Biel_damals-1200x835.jpg\"><img loading=\"lazy\" decoding=\"async\" width=\"1200\" height=\"835\" src=\"http:\/\/stories.valora.com\/wp-content\/uploads\/2020\/08\/2019-08-19_2_Biel_damals-1200x835.jpg\" alt=\"Then and now: Caff\u00e8 Spettacolo in Biel.\" data-id=\"3967\" data-link=\"http:\/\/stories.valora.com\/fr\/?attachment_id=3967\" class=\"wp-image-3967\" srcset=\"https:\/\/stories.valora.com\/wp-content\/uploads\/2020\/08\/2019-08-19_2_Biel_damals-1200x835.jpg 1200w, https:\/\/stories.valora.com\/wp-content\/uploads\/2020\/08\/2019-08-19_2_Biel_damals-800x557.jpg 800w, https:\/\/stories.valora.com\/wp-content\/uploads\/2020\/08\/2019-08-19_2_Biel_damals-768x534.jpg 768w, https:\/\/stories.valora.com\/wp-content\/uploads\/2020\/08\/2019-08-19_2_Biel_damals.jpg 1597w\" sizes=\"auto, (max-width: 706px) 89vw, (max-width: 767px) 82vw, 740px\" \/><\/a><figcaption class=\"blocks-gallery-item__caption\">Autrefois: Caff\u00e8 Spettacolo \u00e0 Bienne.<\/figcaption><\/figure><\/li><li class=\"blocks-gallery-item\"><figure><a href=\"http:\/\/stories.valora.com\/wp-content\/uploads\/2020\/08\/201-08-19_3_Biel_heute-1200x835.jpg\"><img loading=\"lazy\" decoding=\"async\" width=\"1200\" height=\"835\" src=\"http:\/\/stories.valora.com\/wp-content\/uploads\/2020\/08\/201-08-19_3_Biel_heute-1200x835.jpg\" alt=\"Then and now: Caff\u00e8 Spettacolo in Biel.\" data-id=\"3964\" data-link=\"http:\/\/stories.valora.com\/fr\/?attachment_id=3964\" class=\"wp-image-3964\" srcset=\"https:\/\/stories.valora.com\/wp-content\/uploads\/2020\/08\/201-08-19_3_Biel_heute-1200x835.jpg 1200w, https:\/\/stories.valora.com\/wp-content\/uploads\/2020\/08\/201-08-19_3_Biel_heute-800x557.jpg 800w, https:\/\/stories.valora.com\/wp-content\/uploads\/2020\/08\/201-08-19_3_Biel_heute-768x534.jpg 768w, https:\/\/stories.valora.com\/wp-content\/uploads\/2020\/08\/201-08-19_3_Biel_heute.jpg 1597w\" sizes=\"auto, (max-width: 706px) 89vw, (max-width: 767px) 82vw, 740px\" \/><\/a><figcaption class=\"blocks-gallery-item__caption\">Aujourd&rsquo;hui: Caff\u00e8 Spettacolo \u00e0 Bienne.<\/figcaption><\/figure><\/li><\/ul><\/figure>\n\n\n\n<h2 class=\"wp-block-heading\">Quand la focalisation m\u00e8ne au succ\u00e8s<\/h2>\n\n\n\n<p>Depuis le premier lancement de la marque en 1992, le populaire \u00abCaff\u00e8 Spettacolo\u00bb est devenu, au fil du temps, tout d\u2019abord \u00abSpettacolo\u00bb avec sa marque \u00e0 emporter \u00abSpettacolino\u00bb. Puis les racines italiennes du bar \u00e0 caf\u00e9 ont de plus en plus \u00e9t\u00e9 rel\u00e9gu\u00e9e au second plan, jusqu\u2019\u00e0 ce que Valora relance le format en 2016 et renoue ainsi avec les d\u00e9buts prometteurs. Dans le cadre du nouveau lancement, l\u2019identit\u00e9 visuelle, le corporate design, les points de vente mais aussi l\u2019assortiment ont \u00e9t\u00e9 recentr\u00e9s sur les sp\u00e9cialit\u00e9s italiennes. Depuis lors, le populaire caf\u00e9 de la marque maison de Valora est m\u00eame vendu dans les avec, k kiosk et Press &amp; Books, o\u00f9 plus de 600 modules de caf\u00e9 permettent de d\u00e9guster rapidement les sp\u00e9cialit\u00e9s, m\u00eame en d\u00e9placement.<\/p>\n\n\n\n<h2 class=\"wp-block-heading\">Le plaisir du caf\u00e9, la durabilit\u00e9 en plus<\/h2>\n\n\n\n<p>Gr\u00e2ce \u00e0 son orientation italienne et sa focalisation sur la fabrication artisanale du caf\u00e9, Caff\u00e8 Spettacolo se distingue fortement des autres fournisseurs de caf\u00e9. Commander un caf\u00e9 chez Caff\u00e8 Spettacolo, c\u2019est s\u2019accorder un moment de r\u00e9pit au milieu de l\u2019ambiance fr\u00e9n\u00e9tique des gares, mais aussi d\u00e9guster un excellent caf\u00e9 pr\u00e9par\u00e9 selon une recette italienne. L\u2019\u00e9l\u00e9ment central des bars \u00e0 caf\u00e9 chaleureux construits dans le style Italianit\u00e0 est le \u00abCimbali\u00bb. Gr\u00e2ce \u00e0 lui, les baristas form\u00e9s pr\u00e9parent un grand nombre de cr\u00e9ations de caf\u00e9 maison. Caf\u00e9 classique, espresso, cappuccino, latte macchiato ou cr\u00e9ations de caf\u00e9 en fonction des saisons, tous reposent sur deux torr\u00e9factions de grande qualit\u00e9: Medio et Intenso. Les grains utilis\u00e9s proviennent de l\u2019agriculture biologique colombienne et p\u00e9ruvienne. Gr\u00e2ce \u00e0 l\u2019utilisation exclusive de grains certifi\u00e9s issus du commerce \u00e9quitable, Caff\u00e8 Spettacolo s\u2019engage en faveur de prix \u00e9quitables et aide les petits producteurs et ouvriers \u00e0 am\u00e9liorer, par leurs propres moyens, leurs conditions de vie.<\/p>\n\n\n\n<figure class=\"wp-block-gallery columns-3 is-cropped alignfull content-image-slider duo-slider wp-block-gallery-2 is-layout-flex wp-block-gallery-is-layout-flex\"><ul class=\"blocks-gallery-grid\"><li class=\"blocks-gallery-item\"><figure><a href=\"http:\/\/stories.valora.com\/wp-content\/uploads\/2019\/08\/2019-08-19_5_Kaffeemaschine.jpg\"><img loading=\"lazy\" decoding=\"async\" width=\"1203\" height=\"1600\" src=\"http:\/\/stories.valora.com\/wp-content\/uploads\/2019\/08\/2019-08-19_5_Kaffeemaschine.jpg\" alt=\"\" data-id=\"3969\" data-link=\"http:\/\/stories.valora.com?attachment_id=3969\" class=\"wp-image-3969\" srcset=\"https:\/\/stories.valora.com\/wp-content\/uploads\/2019\/08\/2019-08-19_5_Kaffeemaschine.jpg 1203w, https:\/\/stories.valora.com\/wp-content\/uploads\/2019\/08\/2019-08-19_5_Kaffeemaschine-902x1200.jpg 902w, https:\/\/stories.valora.com\/wp-content\/uploads\/2019\/08\/2019-08-19_5_Kaffeemaschine-768x1021.jpg 768w, https:\/\/stories.valora.com\/wp-content\/uploads\/2019\/08\/2019-08-19_5_Kaffeemaschine-1155x1536.jpg 1155w\" sizes=\"auto, (max-width: 706px) 89vw, (max-width: 767px) 82vw, 740px\" \/><\/a><figcaption class=\"blocks-gallery-item__caption\">Le \u00abCimbali\u00bb fait la fiert\u00e9 de tout barista.<\/figcaption><\/figure><\/li><li class=\"blocks-gallery-item\"><figure><a href=\"http:\/\/stories.valora.com\/wp-content\/uploads\/2019\/08\/2019-08-19_6_cornetti.jpg\"><img loading=\"lazy\" decoding=\"async\" width=\"1660\" height=\"2207\" src=\"http:\/\/stories.valora.com\/wp-content\/uploads\/2019\/08\/2019-08-19_6_cornetti.jpg\" alt=\"\" data-id=\"3974\" data-link=\"http:\/\/stories.valora.com?attachment_id=3974\" class=\"wp-image-3974\" srcset=\"https:\/\/stories.valora.com\/wp-content\/uploads\/2019\/08\/2019-08-19_6_cornetti.jpg 1660w, https:\/\/stories.valora.com\/wp-content\/uploads\/2019\/08\/2019-08-19_6_cornetti-903x1200.jpg 903w, https:\/\/stories.valora.com\/wp-content\/uploads\/2019\/08\/2019-08-19_6_cornetti-1203x1600.jpg 1203w, https:\/\/stories.valora.com\/wp-content\/uploads\/2019\/08\/2019-08-19_6_cornetti-768x1021.jpg 768w, https:\/\/stories.valora.com\/wp-content\/uploads\/2019\/08\/2019-08-19_6_cornetti-1155x1536.jpg 1155w, https:\/\/stories.valora.com\/wp-content\/uploads\/2019\/08\/2019-08-19_6_cornetti-1540x2048.jpg 1540w\" sizes=\"auto, (max-width: 706px) 89vw, (max-width: 767px) 82vw, 740px\" \/><\/a><figcaption class=\"blocks-gallery-item__caption\">En cas de petit creux, les foccacias sont un d\u00e9lice.<\/figcaption><\/figure><\/li><li class=\"blocks-gallery-item\"><figure><a href=\"http:\/\/stories.valora.com\/wp-content\/uploads\/2019\/08\/2019-08-19_7_kaffee.jpg\"><img loading=\"lazy\" decoding=\"async\" width=\"1660\" height=\"2207\" src=\"http:\/\/stories.valora.com\/wp-content\/uploads\/2019\/08\/2019-08-19_7_kaffee.jpg\" alt=\"\" data-id=\"3977\" data-link=\"http:\/\/stories.valora.com?attachment_id=3977\" class=\"wp-image-3977\" srcset=\"https:\/\/stories.valora.com\/wp-content\/uploads\/2019\/08\/2019-08-19_7_kaffee.jpg 1660w, https:\/\/stories.valora.com\/wp-content\/uploads\/2019\/08\/2019-08-19_7_kaffee-903x1200.jpg 903w, https:\/\/stories.valora.com\/wp-content\/uploads\/2019\/08\/2019-08-19_7_kaffee-1203x1600.jpg 1203w, https:\/\/stories.valora.com\/wp-content\/uploads\/2019\/08\/2019-08-19_7_kaffee-768x1021.jpg 768w, https:\/\/stories.valora.com\/wp-content\/uploads\/2019\/08\/2019-08-19_7_kaffee-1155x1536.jpg 1155w, https:\/\/stories.valora.com\/wp-content\/uploads\/2019\/08\/2019-08-19_7_kaffee-1540x2048.jpg 1540w\" sizes=\"auto, (max-width: 706px) 89vw, (max-width: 767px) 82vw, 740px\" \/><\/a><figcaption class=\"blocks-gallery-item__caption\">Caff\u00e8 Spettacolo: convivialit\u00e9 et Italianit\u00e0!<\/figcaption><\/figure><\/li><\/ul><\/figure>\n\n\n\n<h2 class=\"wp-block-heading\">R\u00e9duire la quantit\u00e9 de nourriture gaspill\u00e9e<\/h2>\n\n\n\n<p>Caff\u00e8 Spettacolo se mobilise \u00e9galement en faveur de la lutte contre les d\u00e9chets et le gaspillage alimentaire. Ainsi, la cha\u00eene pr\u00f4ne l\u2019utilisation de gobelets r\u00e9utilisables. Les clients qui le font remplir profitent d\u2019un upgrade gratuit. Pour r\u00e9duire le gaspillage alimentaire, Caff\u00e8 Spettacolo pr\u00e9pare toujours ses foccacias et croissants garnis au dernier moment, dans le point de vente, et collabore avec plusieurs partenaires. Ainsi, les produits qui ne sont pas vendus en raison des variations quotidiennes de la fr\u00e9quentation sont soit distribu\u00e9s \u00e0 des personnes dans le besoin, soit vendus \u00e0 prix r\u00e9duits. C\u2019est pourquoi, depuis d\u00e9but 2019, toutes les filiales Caff\u00e8 Spettacolo prennent part \u00e0 l\u2019action \u00abToo Good To Go\u00bb. Gr\u00e2ce \u00e0 cette coop\u00e9ration, juste avant la fermeture du magasin, les clients peuvent acheter, en se connectant \u00e0 une appli, des denr\u00e9es alimentaires \u00e0 prix r\u00e9duit parmi les invendus du jour.<\/p>\n\n\n\n<figure class=\"wp-block-gallery columns-4 is-cropped content-image-slider duo-slider wp-block-gallery-3 is-layout-flex wp-block-gallery-is-layout-flex\"><ul class=\"blocks-gallery-grid\"><li class=\"blocks-gallery-item\"><figure><a href=\"http:\/\/stories.valora.com\/wp-content\/uploads\/2020\/08\/2019-08-19_9_Postkarte-Capro.jpg.jpg\"><img loading=\"lazy\" decoding=\"async\" width=\"1600\" height=\"2241\" src=\"http:\/\/stories.valora.com\/wp-content\/uploads\/2020\/08\/2019-08-19_9_Postkarte-Capro.jpg.jpg\" alt=\"Anniversary promotion: Caff\u00e8 Spettacolo thanks its guests with pre-paid postcards and a range of coffee vouchers.\" data-id=\"3984\" data-link=\"http:\/\/stories.valora.com?attachment_id=3984\" class=\"wp-image-3984\" srcset=\"https:\/\/stories.valora.com\/wp-content\/uploads\/2020\/08\/2019-08-19_9_Postkarte-Capro.jpg.jpg 1600w, https:\/\/stories.valora.com\/wp-content\/uploads\/2020\/08\/2019-08-19_9_Postkarte-Capro.jpg-857x1200.jpg 857w, https:\/\/stories.valora.com\/wp-content\/uploads\/2020\/08\/2019-08-19_9_Postkarte-Capro.jpg-1142x1600.jpg 1142w, https:\/\/stories.valora.com\/wp-content\/uploads\/2020\/08\/2019-08-19_9_Postkarte-Capro.jpg-768x1076.jpg 768w, https:\/\/stories.valora.com\/wp-content\/uploads\/2020\/08\/2019-08-19_9_Postkarte-Capro.jpg-1097x1536.jpg 1097w, https:\/\/stories.valora.com\/wp-content\/uploads\/2020\/08\/2019-08-19_9_Postkarte-Capro.jpg-1462x2048.jpg 1462w\" sizes=\"auto, (max-width: 706px) 89vw, (max-width: 767px) 82vw, 740px\" \/><\/a><figcaption class=\"blocks-gallery-item__caption\">Action anniversaire: Caff\u00e8 Spettacolo a remerci\u00e9 ses clients avec des cartes postales pr\u00e9affranchies et divers bons pour un caf\u00e9.<\/figcaption><\/figure><\/li><li class=\"blocks-gallery-item\"><figure><a href=\"http:\/\/stories.valora.com\/wp-content\/uploads\/2020\/08\/2019-08-19_8_Postkarte-Venice.jpg\"><img loading=\"lazy\" decoding=\"async\" width=\"1600\" height=\"2241\" src=\"http:\/\/stories.valora.com\/wp-content\/uploads\/2020\/08\/2019-08-19_8_Postkarte-Venice.jpg\" alt=\"Anniversary promotion: Caff\u00e8 Spettacolo thanks its guests with pre-paid postcards and a range of coffee vouchers.\" data-id=\"3981\" data-link=\"http:\/\/stories.valora.com?attachment_id=3981\" class=\"wp-image-3981\" srcset=\"https:\/\/stories.valora.com\/wp-content\/uploads\/2020\/08\/2019-08-19_8_Postkarte-Venice.jpg 1600w, https:\/\/stories.valora.com\/wp-content\/uploads\/2020\/08\/2019-08-19_8_Postkarte-Venice-857x1200.jpg 857w, https:\/\/stories.valora.com\/wp-content\/uploads\/2020\/08\/2019-08-19_8_Postkarte-Venice-1142x1600.jpg 1142w, https:\/\/stories.valora.com\/wp-content\/uploads\/2020\/08\/2019-08-19_8_Postkarte-Venice-768x1076.jpg 768w, https:\/\/stories.valora.com\/wp-content\/uploads\/2020\/08\/2019-08-19_8_Postkarte-Venice-1097x1536.jpg 1097w, https:\/\/stories.valora.com\/wp-content\/uploads\/2020\/08\/2019-08-19_8_Postkarte-Venice-1462x2048.jpg 1462w\" sizes=\"auto, (max-width: 706px) 89vw, (max-width: 767px) 82vw, 740px\" \/><\/a><figcaption class=\"blocks-gallery-item__caption\"> <em>Action anniversaire: Caff\u00e8 Spettacolo a remerci\u00e9 ses clients avec des cartes postales pr\u00e9affranchies et divers bons pour un caf\u00e9.<\/em>  <\/figcaption><\/figure><\/li><li class=\"blocks-gallery-item\"><figure><a href=\"http:\/\/stories.valora.com\/wp-content\/uploads\/2020\/08\/2019-08-19_10_Postkarte-slow-train.jpg\"><img loading=\"lazy\" decoding=\"async\" width=\"1600\" height=\"2241\" src=\"http:\/\/stories.valora.com\/wp-content\/uploads\/2020\/08\/2019-08-19_10_Postkarte-slow-train.jpg\" alt=\"Anniversary promotion: Caff\u00e8 Spettacolo thanks its guests with pre-paid postcards and a range of coffee vouchers.\" data-id=\"3987\" data-link=\"http:\/\/stories.valora.com?attachment_id=3987\" class=\"wp-image-3987\" srcset=\"https:\/\/stories.valora.com\/wp-content\/uploads\/2020\/08\/2019-08-19_10_Postkarte-slow-train.jpg 1600w, https:\/\/stories.valora.com\/wp-content\/uploads\/2020\/08\/2019-08-19_10_Postkarte-slow-train-857x1200.jpg 857w, https:\/\/stories.valora.com\/wp-content\/uploads\/2020\/08\/2019-08-19_10_Postkarte-slow-train-1142x1600.jpg 1142w, https:\/\/stories.valora.com\/wp-content\/uploads\/2020\/08\/2019-08-19_10_Postkarte-slow-train-768x1076.jpg 768w, https:\/\/stories.valora.com\/wp-content\/uploads\/2020\/08\/2019-08-19_10_Postkarte-slow-train-1097x1536.jpg 1097w, https:\/\/stories.valora.com\/wp-content\/uploads\/2020\/08\/2019-08-19_10_Postkarte-slow-train-1462x2048.jpg 1462w\" sizes=\"auto, (max-width: 706px) 89vw, (max-width: 767px) 82vw, 740px\" \/><\/a><figcaption class=\"blocks-gallery-item__caption\">Action anniversaire: Caff\u00e8 Spettacolo a remerci\u00e9 ses clients avec des cartes postales pr\u00e9affranchies et divers bons pour un caf\u00e9.<\/figcaption><\/figure><\/li><li class=\"blocks-gallery-item\"><figure><a href=\"http:\/\/stories.valora.com\/wp-content\/uploads\/2020\/08\/2019-08-19_11_Postkarte-spettacolo.jpg\"><img loading=\"lazy\" decoding=\"async\" width=\"1600\" height=\"2241\" src=\"http:\/\/stories.valora.com\/wp-content\/uploads\/2020\/08\/2019-08-19_11_Postkarte-spettacolo.jpg\" alt=\"Anniversary promotion: Caff\u00e8 Spettacolo thanks its guests with pre-paid postcards and a range of coffee vouchers.\" data-id=\"3990\" data-link=\"http:\/\/stories.valora.com?attachment_id=3990\" class=\"wp-image-3990\" srcset=\"https:\/\/stories.valora.com\/wp-content\/uploads\/2020\/08\/2019-08-19_11_Postkarte-spettacolo.jpg 1600w, https:\/\/stories.valora.com\/wp-content\/uploads\/2020\/08\/2019-08-19_11_Postkarte-spettacolo-857x1200.jpg 857w, https:\/\/stories.valora.com\/wp-content\/uploads\/2020\/08\/2019-08-19_11_Postkarte-spettacolo-1142x1600.jpg 1142w, https:\/\/stories.valora.com\/wp-content\/uploads\/2020\/08\/2019-08-19_11_Postkarte-spettacolo-768x1076.jpg 768w, https:\/\/stories.valora.com\/wp-content\/uploads\/2020\/08\/2019-08-19_11_Postkarte-spettacolo-1097x1536.jpg 1097w, https:\/\/stories.valora.com\/wp-content\/uploads\/2020\/08\/2019-08-19_11_Postkarte-spettacolo-1462x2048.jpg 1462w\" sizes=\"auto, (max-width: 706px) 89vw, (max-width: 767px) 82vw, 740px\" \/><\/a><figcaption class=\"blocks-gallery-item__caption\">Action anniversaire: Caff\u00e8 Spettacolo a remerci\u00e9 ses clients avec des cartes postales pr\u00e9affranchies et divers bons pour un caf\u00e9.<\/figcaption><\/figure><\/li><\/ul><\/figure>\n\n\n\n<hr class=\"wp-block-separator\"\/>\n\n\n\n<p class=\"has-text-color has-text-align-center has-small-font-size has-cyan-bluish-gray-color has-normal-font-size has-normal-font-size\"><em>Photos: No\u00eb Flum, Lukas Bidinger, Valora<\/em><\/p>\n\n\n\n<p class=\"has-text-color has-text-align-center has-small-font-size has-cyan-bluish-gray-color\">Cet article a \u00e9t\u00e9 publi\u00e9 pour la premi\u00e8re fois le 27&nbsp;august&nbsp;2019 et a \u00e9t\u00e9 mis \u00e0 jour le 19&nbsp;f\u00e9vrier&nbsp;2020.<\/p>\n","protected":false},"excerpt":{"rendered":"<p>\u00abGRAZIE per 20 anni\u00bb \u2013 Toutes nos f\u00e9licitations \u00e0 Caff\u00e8 Spettacolo! Lanc\u00e9e \u00e0 l\u2019origine comme m\u00e9lange de grains \u00e0 espresso, la marque maison de Valora est devenue depuis lors la plus grande cha\u00eene de bars \u00e0 caf\u00e9 italiens de Suisse. Avec son caf\u00e9 certifi\u00e9 bio et issu du commerce \u00e9quitable, elle est synonyme d\u2019Italianit\u00e0 et de d\u00e9gustation d\u2019un caf\u00e9 exceptionnel.<\/p>\n","protected":false},"author":1,"featured_media":5111,"comment_status":"closed","ping_status":"closed","sticky":false,"template":"","format":"standard","meta":{"_coblocks_attr":"","_coblocks_dimensions":"","_coblocks_responsive_height":"","_coblocks_accordion_ie_support":"","footnotes":""},"categories":[382],"tags":[5072],"class_list":["post-4011","post","type-post","status-publish","format-standard","has-post-thumbnail","hentry","category-business-fr","tag-the-annual-report-selection-2019-fr"],"pbg_featured_image_src":{"full":["https:\/\/stories.valora.com\/wp-content\/uploads\/2019\/08\/Titelbild_neu_1-scaled.jpg",2560,1887,false],"thumbnail":["https:\/\/stories.valora.com\/wp-content\/uploads\/2019\/08\/Titelbild_neu_1-420x280.jpg",420,280,true],"medium":["https:\/\/stories.valora.com\/wp-content\/uploads\/2019\/08\/Titelbild_neu_1-1200x885.jpg",1200,885,true],"medium_large":["https:\/\/stories.valora.com\/wp-content\/uploads\/2019\/08\/Titelbild_neu_1-768x566.jpg",768,566,true],"large":["https:\/\/stories.valora.com\/wp-content\/uploads\/2019\/08\/Titelbild_neu_1-1600x1179.jpg",1600,1179,true],"1536x1536":["https:\/\/stories.valora.com\/wp-content\/uploads\/2019\/08\/Titelbild_neu_1-1536x1132.jpg",1536,1132,true],"2048x2048":["https:\/\/stories.valora.com\/wp-content\/uploads\/2019\/08\/Titelbild_neu_1-2048x1510.jpg",2048,1510,true],"valorastories-image":["https:\/\/stories.valora.com\/wp-content\/uploads\/2019\/08\/Titelbild_neu_1-800x800.jpg",800,800,true],"valorastories-image-slider":["https:\/\/stories.valora.com\/wp-content\/uploads\/2019\/08\/Titelbild_neu_1-1200x800.jpg",1200,800,true],"valorastories-image-zoomed":["https:\/\/stories.valora.com\/wp-content\/uploads\/2019\/08\/Titelbild_neu_1-1800x1200.jpg",1800,1200,true],"valorastories-image-big":["https:\/\/stories.valora.com\/wp-content\/uploads\/2019\/08\/Titelbild_neu_1-2560x1440.jpg",2560,1440,true],"twentyseventeen-featured-image":["https:\/\/stories.valora.com\/wp-content\/uploads\/2019\/08\/Titelbild_neu_1-2000x1200.jpg",2000,1200,true],"twentyseventeen-thumbnail-avatar":["https:\/\/stories.valora.com\/wp-content\/uploads\/2019\/08\/Titelbild_neu_1-100x100.jpg",100,100,true],"rp4wp-thumbnail-post":["https:\/\/stories.valora.com\/wp-content\/uploads\/2019\/08\/Titelbild_neu_1-400x267.jpg",400,267,true]},"pbg_author_info":{"display_name":"Valora Stories","author_link":"https:\/\/stories.valora.com\/fr\/author\/stories-valora\/","author_img":"<img alt='Valora Stories' src='https:\/\/secure.gravatar.com\/avatar\/4c7dcea5f2af7c4afaf9da5eb51a7c9d?s=128&#038;d=mm&#038;r=g' srcset='https:\/\/secure.gravatar.com\/avatar\/4c7dcea5f2af7c4afaf9da5eb51a7c9d?s=256&#038;d=mm&#038;r=g 2x' class='avatar avatar-128 photo' height='128' width='128' loading='lazy' decoding='async'\/>"},"pbg_comment_info":" No Comments","pbg_excerpt":"\u00abGRAZIE per 20 anni\u00bb \u2013 Toutes nos f\u00e9licitations \u00e0 Caff\u00e8 Spettacolo! Lanc\u00e9e \u00e0 l\u2019origine comme m\u00e9lange de grains \u00e0 espresso, la marque maison de Valora est devenue depuis lors la plus grande cha\u00eene de bars \u00e0 caf\u00e9 italiens de Suisse. Avec son caf\u00e9 certifi\u00e9 bio et issu du commerce \u00e9quitable, elle est synonyme d\u2019Italianit\u00e0 et\u2026","_links":{"self":[{"href":"https:\/\/stories.valora.com\/fr\/wp-json\/wp\/v2\/posts\/4011","targetHints":{"allow":["GET"]}}],"collection":[{"href":"https:\/\/stories.valora.com\/fr\/wp-json\/wp\/v2\/posts"}],"about":[{"href":"https:\/\/stories.valora.com\/fr\/wp-json\/wp\/v2\/types\/post"}],"author":[{"embeddable":true,"href":"https:\/\/stories.valora.com\/fr\/wp-json\/wp\/v2\/users\/1"}],"replies":[{"embeddable":true,"href":"https:\/\/stories.valora.com\/fr\/wp-json\/wp\/v2\/comments?post=4011"}],"version-history":[{"count":2,"href":"https:\/\/stories.valora.com\/fr\/wp-json\/wp\/v2\/posts\/4011\/revisions"}],"predecessor-version":[{"id":5639,"href":"https:\/\/stories.valora.com\/fr\/wp-json\/wp\/v2\/posts\/4011\/revisions\/5639"}],"wp:featuredmedia":[{"embeddable":true,"href":"https:\/\/stories.valora.com\/fr\/wp-json\/wp\/v2\/media\/5111"}],"wp:attachment":[{"href":"https:\/\/stories.valora.com\/fr\/wp-json\/wp\/v2\/media?parent=4011"}],"wp:term":[{"taxonomy":"category","embeddable":true,"href":"https:\/\/stories.valora.com\/fr\/wp-json\/wp\/v2\/categories?post=4011"},{"taxonomy":"post_tag","embeddable":true,"href":"https:\/\/stories.valora.com\/fr\/wp-json\/wp\/v2\/tags?post=4011"}],"curies":[{"name":"wp","href":"https:\/\/api.w.org\/{rel}","templated":true}]}}