{"id":1886,"date":"2018-07-05T14:39:49","date_gmt":"2018-07-05T12:39:49","guid":{"rendered":"http:\/\/stories.valora.com\/?p=1886"},"modified":"2020-02-19T09:56:38","modified_gmt":"2020-02-19T08:56:38","slug":"caffe-spettacolo-boire-un-bon-cafe-et-faire-une-bonne-action","status":"publish","type":"post","link":"https:\/\/stories.valora.com\/fr\/caffe-spettacolo-boire-un-bon-cafe-et-faire-une-bonne-action\/","title":{"rendered":"Caff\u00e8 Spettacolo: boire un bon caf\u00e9 et faire une bonne action!"},"content":{"rendered":"\n<p><strong>Depuis 2014, Caff\u00e8 Spettacolo soutient la coop\u00e9rative caf\u00e9icole ANEI, compos\u00e9e de plusieurs groupes indig\u00e8nes du nord de la Colombie. Les grains bio et issus du commerce \u00e9quitable qu\u2019ils produisent sont pr\u00e9sents dans les torr\u00e9factions de Caff\u00e8 Spettacolo. Gr\u00e2ce \u00e0 cette collaboration et \u00e0 des actions r\u00e9guli\u00e8res, la coop\u00e9rative dispose d\u2019un revenu fixe et peut financer le syst\u00e8me d\u2019engrais bio dont elle a tant besoin pour am\u00e9liorer la qualit\u00e9 des sols pauvres, et ainsi la r\u00e9colte de l\u00e9gumes et de caf\u00e9.<\/strong><\/p>\n\n\n\n<p>Pour beaucoup, la journ\u00e9e commence par un caf\u00e9. Peut-\u00eatre m\u00eame au Caff\u00e8 Spettacolo. Mais combien connaissent l\u2019origine et le mode de culture de leur stimulant matinal pr\u00e9f\u00e9r\u00e9? Les boissons \u00e0 base de caf\u00e9 de Caff\u00e8 Spettacolo contiennent un grain d\u2019exception issu du nord de la Colombie, plus pr\u00e9cis\u00e9ment des r\u00e9gions de la Sierra Nevada et de la Serran\u00eda del Perij\u00e1. Depuis 1995, plusieurs groupes indig\u00e8nes y cultivent du caf\u00e9 de qualit\u00e9 sup\u00e9rieure sous la marque ANEI. Pour les groupes indig\u00e8nes, agir en harmonie avec la nature et ne pas l\u2019exploiter sont deux \u00e9vidences. Ils misent donc \u00e0 100% sur l\u2019agriculture biologique, avec \u00e0 la cl\u00e9 des r\u00e9coltes inf\u00e9rieures \u00e0 celles des plantations traditionnelles.<\/p>\n\n\n\n<ul class=\"wp-block-gallery columns-2 is-cropped wp-block-gallery-1 is-layout-flex wp-block-gallery-is-layout-flex\"><li class=\"blocks-gallery-item\"><figure><a href=\"http:\/\/stories.valora.com\/wp-content\/uploads\/2018\/07\/3-1.jpg\"><img loading=\"lazy\" decoding=\"async\" width=\"848\" height=\"635\" src=\"http:\/\/stories.valora.com\/wp-content\/uploads\/2018\/07\/3-1.jpg\" alt=\"Der Verkauf der Bohnen verschafft ANEI ein regelm\u00e4ssiges Einkommen und damit Investitionen in ihre Infrastruktur und Bildung.\" data-id=\"3553\" data-link=\"http:\/\/stories.valora.com\/de\/2018\/07\/caffe-spettacolo-kaffee-geniessen-und-dabei-gutes-tun\/3-3-2\/\" class=\"wp-image-3553\" srcset=\"https:\/\/stories.valora.com\/wp-content\/uploads\/2018\/07\/3-1.jpg 848w, https:\/\/stories.valora.com\/wp-content\/uploads\/2018\/07\/3-1-800x599.jpg 800w, https:\/\/stories.valora.com\/wp-content\/uploads\/2018\/07\/3-1-768x575.jpg 768w\" sizes=\"auto, (max-width: 706px) 89vw, (max-width: 767px) 82vw, 740px\" \/><\/a><figcaption>La vente des haricots procure \u00e0 l&rsquo;ANEI un revenu r\u00e9gulier et donc un investissement dans son infrastructure et son \u00e9ducation.<\/figcaption><\/figure><\/li><li class=\"blocks-gallery-item\"><figure><a href=\"http:\/\/stories.valora.com\/wp-content\/uploads\/2018\/07\/2-1.jpg\"><img loading=\"lazy\" decoding=\"async\" width=\"869\" height=\"715\" src=\"http:\/\/stories.valora.com\/wp-content\/uploads\/2018\/07\/2-1.jpg\" alt=\"Die indigenen V\u00f6lker praktizieren den Anbau von Bio-Kaffeebohnen im Einklang mit der Natur.\" data-id=\"3550\" data-link=\"http:\/\/stories.valora.com\/de\/2018\/07\/caffe-spettacolo-kaffee-geniessen-und-dabei-gutes-tun\/2-2-2\/\" class=\"wp-image-3550\" srcset=\"https:\/\/stories.valora.com\/wp-content\/uploads\/2018\/07\/2-1.jpg 869w, https:\/\/stories.valora.com\/wp-content\/uploads\/2018\/07\/2-1-800x658.jpg 800w, https:\/\/stories.valora.com\/wp-content\/uploads\/2018\/07\/2-1-768x632.jpg 768w\" sizes=\"auto, (max-width: 706px) 89vw, (max-width: 767px) 82vw, 740px\" \/><\/a><figcaption>Les peuples autochtones pratiquent la plantation de grains de caf\u00e9 biologiques en harmonie avec la nature.<\/figcaption><\/figure><\/li><li class=\"blocks-gallery-item\"><figure><a href=\"http:\/\/stories.valora.com\/wp-content\/uploads\/2018\/07\/1-1-1200x800.jpg\"><img loading=\"lazy\" decoding=\"async\" width=\"1200\" height=\"800\" src=\"http:\/\/stories.valora.com\/wp-content\/uploads\/2018\/07\/1-1-1200x800.jpg\" alt=\"Seit 2014 verwendet Caff\u00e8 Spettacolo Kaffee aus der Genossenschaft ANEI im Norden Kolumbiens.\" data-id=\"3547\" data-link=\"http:\/\/stories.valora.com\/de\/2018\/07\/caffe-spettacolo-kaffee-geniessen-und-dabei-gutes-tun\/1-2-2\/\" class=\"wp-image-3547\" srcset=\"https:\/\/stories.valora.com\/wp-content\/uploads\/2018\/07\/1-1-1200x800.jpg 1200w, https:\/\/stories.valora.com\/wp-content\/uploads\/2018\/07\/1-1-400x267.jpg 400w, https:\/\/stories.valora.com\/wp-content\/uploads\/2018\/07\/1-1-800x533.jpg 800w, https:\/\/stories.valora.com\/wp-content\/uploads\/2018\/07\/1-1-768x512.jpg 768w, https:\/\/stories.valora.com\/wp-content\/uploads\/2018\/07\/1-1-1800x1200.jpg 1800w\" sizes=\"auto, (max-width: 706px) 89vw, (max-width: 767px) 82vw, 740px\" \/><\/a><figcaption>Der Verkauf der Bohnen verschafft ANEI ein regelm\u00e4\u00dfiges Einkommen und damit Investitionen in ihre Infrastruktur und Bildung.<\/figcaption><\/figure><\/li><\/ul>\n\n\n\n<h2 class=\"wp-block-heading\">L\u2019envie d\u2019un syst\u00e8me d\u2019engrais biologique<\/h2>\n\n\n\n<p>Pour am\u00e9liorer la situation d\u2019ANEI, Caff\u00e8 Spettacolo utilise son arabica dans ses torr\u00e9factions depuis 2014. Des collectes de fonds r\u00e9guli\u00e8res permettent par ailleurs la r\u00e9alisation d\u2019analyses de la qualit\u00e9 du sol et la construction d\u2019un syst\u00e8me d\u2019engrais bio, avec lequel la coop\u00e9rative r\u00e9ussira \u00e0 am\u00e9liorer durablement ses sols et ses recettes par la vente d\u2019engrais. Cette initiative augmente les recettes issues du caf\u00e9 et facilite la culture des aliments de base: haricots, ma\u00efs et bananes. Le commerce de grains certifi\u00e9s \u00abcommerce \u00e9quitable\u00bb renforce de plus la communaut\u00e9 en agissant comme moteur d\u2019investissement dans l\u2019infrastructure et la formation et en ancrant l\u2019ind\u00e9pendance de la femme qui apprend \u00e0 cultiver le caf\u00e9.<\/p>\n\n\n\n<h2 class=\"wp-block-heading\">Parfait pour Caff\u00e8 Spettacolo<\/h2>\n\n\n\n<p>En juin&nbsp;2018, plusieurs repr\u00e9sentants de la coop\u00e9rative ANEI ont \u00e9t\u00e9 re\u00e7us au Caff\u00e8 Spettacolo de Soleure fra\u00eechement r\u00e9nov\u00e9 pour y pr\u00e9senter leurs grains. Un \u00abcupping\u00bb avait \u00e9t\u00e9 pr\u00e9alablement organis\u00e9 en comit\u00e9 restreint, \u00e0 savoir une d\u00e9gustation professionnelle de caf\u00e9 pour contr\u00f4ler et \u00e9valuer sa qualit\u00e9. Les grains d\u2019arabica d\u2019ANEI ont \u00e9t\u00e9 tr\u00e8s appr\u00e9ci\u00e9s. Avec leur ar\u00f4me rond et doux et une l\u00e9g\u00e8re note citronn\u00e9e, ils repr\u00e9sentent le compl\u00e9ment id\u00e9al au m\u00e9lange italien typique de Caff\u00e8 Spettacolo.<\/p>\n\n\n\n<figure class=\"wp-block-image wp-image-2004 size-medium\"><img loading=\"lazy\" decoding=\"async\" width=\"2000\" height=\"1333\" src=\"http:\/\/stories.valora.com\/wp-content\/uploads\/2018\/07\/Die-ANEI-Bohne-schneidet-im-Qualit\u00e4tstest-hervorragend-ab.-2.jpg\" alt=\"\" class=\"wp-image-2004\" srcset=\"https:\/\/stories.valora.com\/wp-content\/uploads\/2018\/07\/Die-ANEI-Bohne-schneidet-im-Qualit\u00e4tstest-hervorragend-ab.-2.jpg 2000w, https:\/\/stories.valora.com\/wp-content\/uploads\/2018\/07\/Die-ANEI-Bohne-schneidet-im-Qualit\u00e4tstest-hervorragend-ab.-2-400x267.jpg 400w, https:\/\/stories.valora.com\/wp-content\/uploads\/2018\/07\/Die-ANEI-Bohne-schneidet-im-Qualit\u00e4tstest-hervorragend-ab.-2-800x533.jpg 800w, https:\/\/stories.valora.com\/wp-content\/uploads\/2018\/07\/Die-ANEI-Bohne-schneidet-im-Qualit\u00e4tstest-hervorragend-ab.-2-768x512.jpg 768w, https:\/\/stories.valora.com\/wp-content\/uploads\/2018\/07\/Die-ANEI-Bohne-schneidet-im-Qualit\u00e4tstest-hervorragend-ab.-2-1200x800.jpg 1200w, https:\/\/stories.valora.com\/wp-content\/uploads\/2018\/07\/Die-ANEI-Bohne-schneidet-im-Qualit\u00e4tstest-hervorragend-ab.-2-1800x1200.jpg 1800w\" sizes=\"auto, (max-width: 706px) 89vw, (max-width: 767px) 82vw, 740px\" \/><figcaption>Representatives of the ANEI coffee cooperative visit Caff\u00e8 Spettacolo in Solothurn<\/figcaption><\/figure>\n\n\n\n<p>La prochaine collecte de fonds pour le projet de l\u2019ANEI aura lieu en septembre et octobre 2018: \u00e0 chaque fois que 12&nbsp;tasses rempliront une carte de fid\u00e9lit\u00e9, cinq francs seront directement vers\u00e9s \u00e0 la coop\u00e9rative ANEI. La collecte sera aussi l\u2019occasion de gagner un voyage en Colombie pour rendre visite aux producteurs.<\/p>\n\n\n\n<hr class=\"wp-block-separator is-style-wide\"\/>\n\n\n\n<p style=\"text-align:center\" class=\"has-normal-font-size has-normal-font-size\">Vous trouverez de plus amples informations sur la coop\u00e9rative ANEI et l\u2019avanc\u00e9e de la coop\u00e9ration sous <a href=\"https:\/\/spettacolo.ch\/de\/engagement\/kaffeebohnen\/\" target=\"_blank\" rel=\"noopener\">https:\/\/spettacolo.ch\/de\/engagement\/kaffeebohnen\/<\/a> et <a href=\"http:\/\/www.anei.org.co\/\" target=\"_blank\" rel=\"noopener\">www.anei.org.co<\/a>.<\/p>\n","protected":false},"excerpt":{"rendered":"<p>Depuis 2014, Caff\u00e8 Spettacolo soutient la coop\u00e9rative caf\u00e9icole ANEI, compos\u00e9e de plusieurs groupes indig\u00e8nes du nord de la Colombie. Les grains bio et issus du &hellip; <\/p>\n<p class=\"link-more\"><a href=\"https:\/\/stories.valora.com\/fr\/caffe-spettacolo-boire-un-bon-cafe-et-faire-une-bonne-action\/\" class=\"more-link\">Continuer la lecture<span class=\"screen-reader-text\"> de &laquo;&nbsp;Caff\u00e8 Spettacolo: boire un bon caf\u00e9 et faire une bonne action!&nbsp;&raquo;<\/span><\/a><\/p>\n","protected":false},"author":11,"featured_media":1871,"comment_status":"closed","ping_status":"open","sticky":false,"template":"","format":"standard","meta":{"_coblocks_attr":"","_coblocks_dimensions":"","_coblocks_responsive_height":"","_coblocks_accordion_ie_support":"","footnotes":""},"categories":[382],"tags":[5565,622],"class_list":["post-1886","post","type-post","status-publish","format-standard","has-post-thumbnail","hentry","category-business-fr","tag-durabilite","tag-food-service-fr"],"pbg_featured_image_src":{"full":["https:\/\/stories.valora.com\/wp-content\/uploads\/2018\/07\/Vertreter-der-ANEI-im-Caff\u00e8-Spettacolo-Solothurn.jpg",1333,2000,false],"thumbnail":["https:\/\/stories.valora.com\/wp-content\/uploads\/2018\/07\/Vertreter-der-ANEI-im-Caff\u00e8-Spettacolo-Solothurn-420x280.jpg",420,280,true],"medium":["https:\/\/stories.valora.com\/wp-content\/uploads\/2018\/07\/Vertreter-der-ANEI-im-Caff\u00e8-Spettacolo-Solothurn-800x1200.jpg",800,1200,true],"medium_large":["https:\/\/stories.valora.com\/wp-content\/uploads\/2018\/07\/Vertreter-der-ANEI-im-Caff\u00e8-Spettacolo-Solothurn-768x1152.jpg",768,1152,true],"large":["https:\/\/stories.valora.com\/wp-content\/uploads\/2018\/07\/Vertreter-der-ANEI-im-Caff\u00e8-Spettacolo-Solothurn-1066x1600.jpg",1066,1600,true],"1536x1536":["https:\/\/stories.valora.com\/wp-content\/uploads\/2018\/07\/Vertreter-der-ANEI-im-Caff\u00e8-Spettacolo-Solothurn-1024x1536.jpg",1024,1536,true],"2048x2048":["https:\/\/stories.valora.com\/wp-content\/uploads\/2018\/07\/Vertreter-der-ANEI-im-Caff\u00e8-Spettacolo-Solothurn.jpg",1333,2000,false],"valorastories-image":["https:\/\/stories.valora.com\/wp-content\/uploads\/2018\/07\/Vertreter-der-ANEI-im-Caff\u00e8-Spettacolo-Solothurn-800x800.jpg",800,800,true],"valorastories-image-slider":["https:\/\/stories.valora.com\/wp-content\/uploads\/2018\/07\/Vertreter-der-ANEI-im-Caff\u00e8-Spettacolo-Solothurn-1200x800.jpg",1200,800,true],"valorastories-image-zoomed":["https:\/\/stories.valora.com\/wp-content\/uploads\/2018\/07\/Vertreter-der-ANEI-im-Caff\u00e8-Spettacolo-Solothurn-1333x1200.jpg",1333,1200,true],"valorastories-image-big":["https:\/\/stories.valora.com\/wp-content\/uploads\/2018\/07\/Vertreter-der-ANEI-im-Caff\u00e8-Spettacolo-Solothurn-1333x1440.jpg",1333,1440,true],"twentyseventeen-featured-image":["https:\/\/stories.valora.com\/wp-content\/uploads\/2018\/07\/Vertreter-der-ANEI-im-Caff\u00e8-Spettacolo-Solothurn-1333x1200.jpg",1333,1200,true],"twentyseventeen-thumbnail-avatar":["https:\/\/stories.valora.com\/wp-content\/uploads\/2018\/07\/Vertreter-der-ANEI-im-Caff\u00e8-Spettacolo-Solothurn-100x100.jpg",100,100,true],"rp4wp-thumbnail-post":["https:\/\/stories.valora.com\/wp-content\/uploads\/2018\/07\/Vertreter-der-ANEI-im-Caff\u00e8-Spettacolo-Solothurn-400x267.jpg",400,267,true]},"pbg_author_info":{"display_name":"Christina Schmid-Norton","author_link":"https:\/\/stories.valora.com\/fr\/author\/cschmidnorton\/","author_img":"<img alt='Christina Schmid-Norton' src='https:\/\/secure.gravatar.com\/avatar\/5bb73f0ac2768936bd45d3e147899e09?s=128&#038;d=mm&#038;r=g' srcset='https:\/\/secure.gravatar.com\/avatar\/5bb73f0ac2768936bd45d3e147899e09?s=256&#038;d=mm&#038;r=g 2x' class='avatar avatar-128 photo' height='128' width='128' loading='lazy' decoding='async'\/>"},"pbg_comment_info":" No Comments","pbg_excerpt":"Depuis 2014, Caff\u00e8 Spettacolo soutient la coop\u00e9rative caf\u00e9icole ANEI, compos\u00e9e de plusieurs groupes indig\u00e8nes du nord de la Colombie. Les grains bio et issus du &hellip; Continuer la lecture de &laquo;&nbsp;Caff\u00e8 Spettacolo: boire un bon caf\u00e9 et faire une bonne action!&nbsp;&raquo;","_links":{"self":[{"href":"https:\/\/stories.valora.com\/fr\/wp-json\/wp\/v2\/posts\/1886","targetHints":{"allow":["GET"]}}],"collection":[{"href":"https:\/\/stories.valora.com\/fr\/wp-json\/wp\/v2\/posts"}],"about":[{"href":"https:\/\/stories.valora.com\/fr\/wp-json\/wp\/v2\/types\/post"}],"author":[{"embeddable":true,"href":"https:\/\/stories.valora.com\/fr\/wp-json\/wp\/v2\/users\/11"}],"replies":[{"embeddable":true,"href":"https:\/\/stories.valora.com\/fr\/wp-json\/wp\/v2\/comments?post=1886"}],"version-history":[{"count":1,"href":"https:\/\/stories.valora.com\/fr\/wp-json\/wp\/v2\/posts\/1886\/revisions"}],"predecessor-version":[{"id":5680,"href":"https:\/\/stories.valora.com\/fr\/wp-json\/wp\/v2\/posts\/1886\/revisions\/5680"}],"wp:featuredmedia":[{"embeddable":true,"href":"https:\/\/stories.valora.com\/fr\/wp-json\/wp\/v2\/media\/1871"}],"wp:attachment":[{"href":"https:\/\/stories.valora.com\/fr\/wp-json\/wp\/v2\/media?parent=1886"}],"wp:term":[{"taxonomy":"category","embeddable":true,"href":"https:\/\/stories.valora.com\/fr\/wp-json\/wp\/v2\/categories?post=1886"},{"taxonomy":"post_tag","embeddable":true,"href":"https:\/\/stories.valora.com\/fr\/wp-json\/wp\/v2\/tags?post=1886"}],"curies":[{"name":"wp","href":"https:\/\/api.w.org\/{rel}","templated":true}]}}