{"id":13565,"date":"2022-02-23T07:00:00","date_gmt":"2022-02-23T06:00:00","guid":{"rendered":"http:\/\/stories.valora.com\/?p=13565"},"modified":"2022-02-22T21:33:46","modified_gmt":"2022-02-22T20:33:46","slug":"les-differentes-formes-dexpansion","status":"publish","type":"post","link":"https:\/\/stories.valora.com\/fr\/les-differentes-formes-dexpansion\/","title":{"rendered":"Les diff\u00e9rentes formes d\u2019expansion"},"content":{"rendered":"\n<p><strong>Valora est convaincue que le secteur du Foodvenience restera attrayant \u00e0 l\u2019avenir. En cons\u00e9quence, le groupe poursuit l\u2019expansion du r\u00e9seau ainsi que de l\u2019offre et renforce son c\u0153ur de m\u00e9tier en se concentrant sur les r\u00e9gions existantes. Le fournisseur de Foodvenience a pr\u00e9sent\u00e9 en 2021 les multiples facettes possibles d\u2019une expansion.<\/strong><\/p>\n\n\n\n<p>La forme classique de l\u2019expansion est celle du r\u00e9seau de points de vente. \u00c0 l\u2019automne&nbsp;2021, BackWerk, avec quelque 340&nbsp;points de vente en Allemagne, aux Pays-Bas, en Autriche et en Suisse, \u00e9tait d\u00e9j\u00e0 le format Food Service de Valora comptant le plus grand nombre de points de vente. En novembre, 80&nbsp;sites sont brusquement venus s\u2019ajouter lorsque Valora a rachet\u00e9 la Back-Factory, un professionnel du snack, de son fondateur Harry-Brot, le principal fabricant de produits de boulangerie en Allemagne. Par rapport au niveau d\u2019avant la crise, l\u2019entreprise se hisse ainsi dans le top&nbsp;5 des entreprises et syst\u00e8mes de gastronomie allemands (alors qu\u2019elle \u00e9tait jusqu\u2019\u00e0 pr\u00e9sent dans le top&nbsp;10 selon le magazine foodservice 4\/2020).<\/p>\n\n\n\n<p>Avec Back-Factory, Valora ne se contente pas d\u2019\u00e9tendre sa plate-forme Food Service en Allemagne, \u00e0 laquelle les marques BackWerk et Ditsch sont d\u00e9j\u00e0 int\u00e9gr\u00e9es. Elle d\u00e9veloppe \u00e9galement de mani\u00e8re significative son positionnement sur le march\u00e9. La marque BackWerk sera encore renforc\u00e9e \u00e0 l\u2019avenir par le transfert de Back-Factory \u00e0 BackWerk au fil du temps. Gr\u00e2ce \u00e0 la compl\u00e9mentarit\u00e9 des sites Back-Factory, Valora poursuit son offre de Food Service dans des lieux strat\u00e9giques des centres-villes.<\/p>\n\n\n\n<figure class=\"wp-block-image size-large\"><img loading=\"lazy\" decoding=\"async\" width=\"1600\" height=\"1067\" src=\"http:\/\/stories.valora.com\/wp-content\/uploads\/2022\/02\/valora_backwerk_neuss-1600x1067.jpg\" alt=\"\" class=\"wp-image-14013\" srcset=\"https:\/\/stories.valora.com\/wp-content\/uploads\/2022\/02\/valora_backwerk_neuss-1600x1067.jpg 1600w, https:\/\/stories.valora.com\/wp-content\/uploads\/2022\/02\/valora_backwerk_neuss-1200x800.jpg 1200w, https:\/\/stories.valora.com\/wp-content\/uploads\/2022\/02\/valora_backwerk_neuss-420x280.jpg 420w, https:\/\/stories.valora.com\/wp-content\/uploads\/2022\/02\/valora_backwerk_neuss-768x512.jpg 768w, https:\/\/stories.valora.com\/wp-content\/uploads\/2022\/02\/valora_backwerk_neuss-1536x1025.jpg 1536w, https:\/\/stories.valora.com\/wp-content\/uploads\/2022\/02\/valora_backwerk_neuss-2048x1366.jpg 2048w, https:\/\/stories.valora.com\/wp-content\/uploads\/2022\/02\/valora_backwerk_neuss-1800x1200.jpg 1800w, https:\/\/stories.valora.com\/wp-content\/uploads\/2022\/02\/valora_backwerk_neuss-400x267.jpg 400w\" sizes=\"auto, (max-width: 706px) 89vw, (max-width: 767px) 82vw, 740px\" \/><figcaption>Avec BackWerk, Valora p\u00e9n\u00e8tre plus avant dans des lieux strat\u00e9giques des centres-villes.<\/figcaption><\/figure>\n\n\n\n<p>Aux Pays-Bas, BackWerk a \u00e9tendu son r\u00e9seau de points de vente, qui conna\u00eet d\u00e9j\u00e0 une croissance rapide, \u00e0 37 magasins en 2021. Trois nouveaux points de vente sont le fruit du partenariat de franchise conclu en juin avec HMSHost International, leader mondial du secteur Food et Hospitality pour les personnes en d\u00e9placement. D\u2019ici fin 2022, neuf autres sites de HMSHost International seront transform\u00e9s en magasins BackWerk dans les plus grandes gares n\u00e9erlandaises.<\/p>\n\n\n\n<p>Les \u00abclip-ins\u00bb, des modules int\u00e9gr\u00e9s \u00e0 d\u2019autres formats, constituent une autre forme de l\u2019expansion de BackWerk. BackWerk et Ditsch sont d\u00e9j\u00e0 pr\u00e9sents sous cette forme dans quatre stations-service Esso en Allemagne, et des modules BackWerk ont d\u00e9sormais \u00e9t\u00e9 int\u00e9gr\u00e9s au sein des formats retail de Valora en 2021: dans deux filiales U-Store \u00e0 Hambourg et un ServiceStore DB \u00e0 Wuppertal.<\/p>\n\n\n\n<p>Valora a \u00e9galement soulign\u00e9 sa position de leader sur le march\u00e9 allemand des librairies de gare et son partenariat avec la Deutsche Bahn en reprenant \u00e0 l\u2019automne cinq points de vente de Press &amp; Books dans le nord de la Bavi\u00e8re.<\/p>\n\n\n\n<h2 class=\"wp-block-heading\" id=\"presence-renforcee-en-centre-ville-et-dans-les-stations-service\">Pr\u00e9sence renforc\u00e9e en centre-ville et dans les stations-service<\/h2>\n\n\n\n<p>Le secteur du Foodvenience de Valora se divise en quatre groupes de sites tr\u00e8s fr\u00e9quent\u00e9s: n\u0153uds de transport (p.&nbsp;ex. gares et a\u00e9roports), centres commerciaux, centres-villes et autres (p.&nbsp;ex. stations-service). Alors que les n\u0153uds de transport repr\u00e9sentaient jusqu\u2019ici la moiti\u00e9 des sites du fournisseur de Foodvenience, ce dernier a renforc\u00e9 sa pr\u00e9sence en centre-ville avec la reprise de Back-Factory. En 2021, Valora a notamment enregistr\u00e9 une forte progression dans les stations-service.<\/p>\n\n\n\n<figure class=\"wp-block-image size-large\"><img loading=\"lazy\" decoding=\"async\" width=\"1600\" height=\"1067\" src=\"http:\/\/stories.valora.com\/wp-content\/uploads\/2022\/01\/valora_avec_moveritankstelle052A9389-1600x1067.jpg\" alt=\"\" class=\"wp-image-13549\" srcset=\"https:\/\/stories.valora.com\/wp-content\/uploads\/2022\/01\/valora_avec_moveritankstelle052A9389-1600x1067.jpg 1600w, https:\/\/stories.valora.com\/wp-content\/uploads\/2022\/01\/valora_avec_moveritankstelle052A9389-1200x800.jpg 1200w, https:\/\/stories.valora.com\/wp-content\/uploads\/2022\/01\/valora_avec_moveritankstelle052A9389-420x280.jpg 420w, https:\/\/stories.valora.com\/wp-content\/uploads\/2022\/01\/valora_avec_moveritankstelle052A9389-768x512.jpg 768w, https:\/\/stories.valora.com\/wp-content\/uploads\/2022\/01\/valora_avec_moveritankstelle052A9389-1536x1025.jpg 1536w, https:\/\/stories.valora.com\/wp-content\/uploads\/2022\/01\/valora_avec_moveritankstelle052A9389-2048x1366.jpg 2048w, https:\/\/stories.valora.com\/wp-content\/uploads\/2022\/01\/valora_avec_moveritankstelle052A9389-1800x1200.jpg 1800w, https:\/\/stories.valora.com\/wp-content\/uploads\/2022\/01\/valora_avec_moveritankstelle052A9389-400x267.jpg 400w\" sizes=\"auto, (max-width: 706px) 89vw, (max-width: 767px) 82vw, 740px\" \/><figcaption>Gr\u00e2ce \u00e0 la coop\u00e9ration avec Moveri, Valora double la taille de son r\u00e9seau de stations-services en Suisse pour atteindre environ 100\u202fmagasins avec.<\/figcaption><\/figure>\n\n\n\n<p>Cet \u00e9t\u00e9, elle a annonc\u00e9 qu\u2019elle reprendrait l\u2019exploitation de 39&nbsp;shops de stations-service Moveri en Suisse \u00e0 partir du 1<sup>er<\/sup>&nbsp;janvier&nbsp;2022, et plus tard potentiellement d&rsquo;autres magasins. Au cours des 20\u202fderni\u00e8res ann\u00e9es, Valora a exploit\u00e9 les magasins Tamoil avec une pr\u00e9sence forte dans la partie occidentale de la Suisse et la r\u00e9gion de Zurich. Gr\u00e2ce au partenariat avec Moveri, Valora peut d\u00e9sormais renforcer sa pr\u00e9sence dans les stations-service dans la r\u00e9gion germanophone du pays.<\/p>\n\n\n\n<p>Les shops de stations-service compl\u00e8tent id\u00e9alement l\u2019activit\u00e9 Foodvenience de Valora. La plupart des clientes et clients (environ 80%) y effectuent leurs achats sans faire le plein. Ils viennent \u00e0 cause de l&#8217;emplacement des magasins, les longues heures d&rsquo;ouverture et pour l\u2019assortiment Convenience.<\/p>\n\n\n\n<p>Gr\u00e2ce \u00e0 cette nouvelle coop\u00e9ration, Valora double la taille de son r\u00e9seau de stations-services en Suisse pour atteindre environ 100\u202fmagasins avec. Gr\u00e2ce \u00e0 la transformation des points de vente k kiosk sur les sites des CFF, \u00e0 de nouveaux espaces et \u00e0 la coop\u00e9ration avec Moveri, avec sera l&rsquo;un des plus grands formats Convenience en Suisse avec environ 300 magasins d&rsquo;ici fin 2022 (voir aussi la Valora Story \u00ab<a href=\"https:\/\/stories.valora.com\/fr\/avec-le-concept-convenience-flexible-pour-chaque-site\/\">avec: le concept Convenience flexible pour chaque site<\/a>\u00bb.<\/p>\n\n\n\n<p>En 2021, Valora a \u00e9galement transf\u00e9r\u00e9 son exp\u00e9rience dans l\u2019exploitation de shops de stations-service en Allemagne. Avec la marque k&nbsp;kiosk, l\u2019entreprise y est d\u00e9sormais pr\u00e9sente dans deux stations-service: chez Oktan \u00e0 Oldenburg et OIL! \u00e0 Kaiserslautern.<\/p>\n\n\n\n<h2 class=\"wp-block-heading\" id=\"disponibilite-de-l-offre-etendue\">Disponibilit\u00e9 de l\u2019offre \u00e9tendue<\/h2>\n\n\n\n<p>Il y a pr\u00e8s de trois ans, Valora \u00e9tait la premi\u00e8re entreprise de Suisse \u00e0 lancer, avec l\u2019<a href=\"https:\/\/stories.valora.com\/fr\/self-checkout-la-nouvelle-autonomie-pour-les-achats\/\">avec box<\/a> sans caisse, un Convenience Store autonome. Valora est convaincue que les solutions de self-checkout telles que l\u2019avec box ont de l\u2019avenir car elles r\u00e9pondent au besoin d\u2019autonomie, suscit\u00e9 par le commerce en ligne, des clientes et clients dans leurs achats.<\/p>\n\n\n\n<figure class=\"wp-block-image size-large\"><img loading=\"lazy\" decoding=\"async\" width=\"1600\" height=\"1067\" src=\"http:\/\/stories.valora.com\/wp-content\/uploads\/2022\/01\/valora_avec_box052A9363-1600x1067.jpg\" alt=\"\" class=\"wp-image-13554\" srcset=\"https:\/\/stories.valora.com\/wp-content\/uploads\/2022\/01\/valora_avec_box052A9363-1600x1067.jpg 1600w, https:\/\/stories.valora.com\/wp-content\/uploads\/2022\/01\/valora_avec_box052A9363-1200x800.jpg 1200w, https:\/\/stories.valora.com\/wp-content\/uploads\/2022\/01\/valora_avec_box052A9363-420x280.jpg 420w, https:\/\/stories.valora.com\/wp-content\/uploads\/2022\/01\/valora_avec_box052A9363-768x512.jpg 768w, https:\/\/stories.valora.com\/wp-content\/uploads\/2022\/01\/valora_avec_box052A9363-1536x1024.jpg 1536w, https:\/\/stories.valora.com\/wp-content\/uploads\/2022\/01\/valora_avec_box052A9363-2048x1366.jpg 2048w, https:\/\/stories.valora.com\/wp-content\/uploads\/2022\/01\/valora_avec_box052A9363-1800x1200.jpg 1800w, https:\/\/stories.valora.com\/wp-content\/uploads\/2022\/01\/valora_avec_box052A9363-400x267.jpg 400w\" sizes=\"auto, (max-width: 706px) 89vw, (max-width: 767px) 82vw, 740px\" \/><figcaption>Valora est convaincue que les solutions de self-checkout telles que l\u2019avec box ont de l\u2019avenir.<\/figcaption><\/figure>\n\n\n\n<p>Lors de l\u2019achat, le concept de Convenience ne se r\u00e9f\u00e8re pas seulement \u00e0 l\u2019assortiment, mais \u00e0 toute l\u2019exp\u00e9rience d\u2019achat des clientes et clients \u2013 et ce 24 heures sur 24, 7 jours sur 7. C\u2019est la raison pour laquelle la disponibilit\u00e9 de l\u2019offre Foodvenience a \u00e9t\u00e9 \u00e9largie gr\u00e2ce \u00e0 des solutions num\u00e9riques.<\/p>\n\n\n\n<p>En plus de l\u2019avec box actuellement exploit\u00e9e sur trois sites (Arlesheim BL, Urdorf ZH et Oberohringen ZH) et du 24\/7 Service Store \u00e0 Ahrensburg (pr\u00e8s de Hambourg), qui fonctionne \u00e9galement selon le principe de l\u2019avec box, Valora transforme les stores avec traditionnels en mod\u00e8les hybrides. Ces stores sont exploit\u00e9s en partie par des collaborateurs et en partie de mani\u00e8re autonome. Il existe un grand potentiel \u00e0 cet \u00e9gard, car les boutiques existantes doivent uniquement \u00eatre \u00e9quip\u00e9es de la technologie correspondante et int\u00e9gr\u00e9es \u00e0 l\u2019application avec 24\/7. Valora exploite aujourd\u2019hui un tel mod\u00e8le hybride sur quatre sites avec.<\/p>\n\n\n\n<figure class=\"wp-block-image size-large\"><img loading=\"lazy\" decoding=\"async\" width=\"1600\" height=\"1067\" src=\"http:\/\/stories.valora.com\/wp-content\/uploads\/2022\/01\/valora_avec_tamoil052A7984-4-2-1600x1067.jpg\" alt=\"\" class=\"wp-image-13716\" srcset=\"https:\/\/stories.valora.com\/wp-content\/uploads\/2022\/01\/valora_avec_tamoil052A7984-4-2-1600x1067.jpg 1600w, https:\/\/stories.valora.com\/wp-content\/uploads\/2022\/01\/valora_avec_tamoil052A7984-4-2-1200x800.jpg 1200w, https:\/\/stories.valora.com\/wp-content\/uploads\/2022\/01\/valora_avec_tamoil052A7984-4-2-420x280.jpg 420w, https:\/\/stories.valora.com\/wp-content\/uploads\/2022\/01\/valora_avec_tamoil052A7984-4-2-768x512.jpg 768w, https:\/\/stories.valora.com\/wp-content\/uploads\/2022\/01\/valora_avec_tamoil052A7984-4-2-1536x1025.jpg 1536w, https:\/\/stories.valora.com\/wp-content\/uploads\/2022\/01\/valora_avec_tamoil052A7984-4-2-2048x1366.jpg 2048w, https:\/\/stories.valora.com\/wp-content\/uploads\/2022\/01\/valora_avec_tamoil052A7984-4-2-1800x1200.jpg 1800w, https:\/\/stories.valora.com\/wp-content\/uploads\/2022\/01\/valora_avec_tamoil052A7984-4-2-400x267.jpg 400w\" sizes=\"auto, (max-width: 706px) 89vw, (max-width: 767px) 82vw, 740px\" \/><figcaption>Valora transforme les stores avec traditionnels en mod\u00e8les hybrides.<\/figcaption><\/figure>\n\n\n\n<p>Les grands progr\u00e8s r\u00e9alis\u00e9s dans le d\u00e9veloppement de ces solutions de Convenience num\u00e9riques, qui reposent toutes sur l\u2019application avec 24\/7, ont permis de les adapter et de les d\u00e9ployer successivement.<\/p>\n\n\n\n<p>Outre les projets d\u2019Autonomous Stores, Valora mise d\u00e9sormais aussi sur les distributeurs automatiques. L\u2019objectif est ici aussi d\u2019apporter plus de commodit\u00e9 dans l\u2019exp\u00e9rience client. En effet, gr\u00e2ce aux distributeurs automatiques k&nbsp;kiosk, les clientes et clients peuvent s\u2019approvisionner m\u00eame la nuit, lorsque les magasins sont ferm\u00e9s.<\/p>\n\n\n\n<figure class=\"wp-block-image size-large\"><img loading=\"lazy\" decoding=\"async\" width=\"1600\" height=\"1067\" src=\"http:\/\/stories.valora.com\/wp-content\/uploads\/2022\/01\/valora_kkiosk_vending_mashine052A0486-3-1-1600x1067.jpg\" alt=\"\" class=\"wp-image-13713\" srcset=\"https:\/\/stories.valora.com\/wp-content\/uploads\/2022\/01\/valora_kkiosk_vending_mashine052A0486-3-1-1600x1067.jpg 1600w, https:\/\/stories.valora.com\/wp-content\/uploads\/2022\/01\/valora_kkiosk_vending_mashine052A0486-3-1-1200x800.jpg 1200w, https:\/\/stories.valora.com\/wp-content\/uploads\/2022\/01\/valora_kkiosk_vending_mashine052A0486-3-1-420x280.jpg 420w, https:\/\/stories.valora.com\/wp-content\/uploads\/2022\/01\/valora_kkiosk_vending_mashine052A0486-3-1-768x512.jpg 768w, https:\/\/stories.valora.com\/wp-content\/uploads\/2022\/01\/valora_kkiosk_vending_mashine052A0486-3-1-1536x1025.jpg 1536w, https:\/\/stories.valora.com\/wp-content\/uploads\/2022\/01\/valora_kkiosk_vending_mashine052A0486-3-1-2048x1366.jpg 2048w, https:\/\/stories.valora.com\/wp-content\/uploads\/2022\/01\/valora_kkiosk_vending_mashine052A0486-3-1-1800x1200.jpg 1800w, https:\/\/stories.valora.com\/wp-content\/uploads\/2022\/01\/valora_kkiosk_vending_mashine052A0486-3-1-400x267.jpg 400w\" sizes=\"auto, (max-width: 706px) 89vw, (max-width: 767px) 82vw, 740px\" \/><figcaption>Gr\u00e2ce aux distributeurs automatiques k kiosk, les clientes et clients peuvent s\u2019approvisionner m\u00eame la nuit, lorsque les magasins sont ferm\u00e9s.<\/figcaption><\/figure>\n\n\n\n<p>A c\u00f4t\u00e9 des distributeurs automatiques traditionnels, il est aussi fait appel \u00e0 des distributeurs \u00e0 \u00e9cran tactile. En touchant la surface du distributeur, les clientes et clients peuvent placer les produits souhait\u00e9s dans un panier et les r\u00e9gler \u00e0 la fin en toute simplicit\u00e9 en une seule \u00e9tape. Apr\u00e8s le lancement en d\u00e9cembre&nbsp;2021 dans neuf stations-service Tamoil, un d\u00e9ploiement d\u2019environ 300&nbsp;distributeurs automatiques k&nbsp;kiosk est pr\u00e9vu d\u2019ici fin&nbsp;2022 sur tout le territoire.<\/p>\n\n\n\n<div class=\"wp-block-coblocks-accordion\">\n<div class=\"wp-block-coblocks-accordion-item\"><\/div>\n<\/div>\n\n\n\n<hr class=\"wp-block-separator\"\/>\n\n\n\n<p class=\"has-text-align-center\"><em><sup><mark style=\"background-color:rgba(0, 0, 0, 0)\" class=\"has-inline-color has-cyan-bluish-gray-color\">Photos: No\u00eb Flum.<\/mark><\/sup><\/em><\/p>\n\n\n\n<div class=\"wp-block-coblocks-row coblocks-row-103115343799\" data-columns=\"1\" data-layout=\"100\"><div class=\"wp-block-coblocks-row__inner has-background has-padding has-large-padding has-no-margin is-stacked-on-mobile has-medium-gutter\" style=\"background-color:#e8eef7\">\n<div class=\"wp-block-coblocks-column coblocks-column-103115346253\" style=\"width:100%\"><div class=\"wp-block-coblocks-column__inner has-no-padding has-no-margin\">\n<h4 class=\"has-text-align-center margin-bottom-05 margin-top-0 wp-block-heading\" id=\"c-est-si-facile-de-partager\"><strong>C\u2019est si facile de partager<\/strong>:<\/h4>\n\n\n\n<p class=\"has-text-align-center\"><meta charset=\"utf-8\">Faites conna\u00eetre cette story \u00e0 vos amis et coll\u00e8gues!<\/p>\n\n\n\n<div style=\"height:20px\" aria-hidden=\"true\" class=\"wp-block-spacer\"><\/div>\n\n\n\n<ul class=\"wp-block-outermost-social-sharing has-icon-color has-icon-background-color is-style-default has-no-margin is-horizontal is-content-justification-center is-nowrap is-layout-flex wp-container-outermost-social-sharing-is-layout-1 wp-block-social-sharing-is-layout-flex\"><li style=\"color: #ffffff; background-color: #182c49; \" class=\"outermost-social-sharing-link outermost-social-sharing-link-facebook has-white-color wp-block-outermost-social-sharing-link\">\n\t<a href=\"https:\/\/www.facebook.com\/sharer\/sharer.php?u=https%3A%2F%2Fstories.valora.com%2Ffr%2Fles-differentes-formes-dexpansion%2F&#038;title=Les%20diff%C3%A9rentes%20formes%20d%E2%80%99expansion\" aria-label=\"Partager sur Facebook\" rel=\"noopener nofollow\" target=\"_blank\" class=\"wp-block-outermost-social-sharing-link-anchor\">\n\t\t<svg width=\"24\" height=\"24\" viewBox=\"0 0 24 24\" version=\"1.1\" xmlns=\"http:\/\/www.w3.org\/2000\/svg\" aria-hidden=\"true\" focusable=\"false\"><path d=\"M12 2C6.5 2 2 6.5 2 12c0 5 3.7 9.1 8.4 9.9v-7H7.9V12h2.5V9.8c0-2.5 1.5-3.9 3.8-3.9 1.1 0 2.2.2 2.2.2v2.5h-1.3c-1.2 0-1.6.8-1.6 1.6V12h2.8l-.4 2.9h-2.3v7C18.3 21.1 22 17 22 12c0-5.5-4.5-10-10-10z\"><\/path><\/svg>\t\t<span class=\"wp-block-outermost-social-sharing-link-label screen-reader-text\">\n\t\t\tPartager sur Facebook\t\t<\/span>\n\t<\/a>\n<\/li>\n\n\n<li style=\"color: #ffffff; background-color: #182c49; \" class=\"outermost-social-sharing-link outermost-social-sharing-link-x has-white-color wp-block-outermost-social-sharing-link\">\n\t<a href=\"https:\/\/x.com\/share?url=https%3A%2F%2Fstories.valora.com%2Ffr%2Fles-differentes-formes-dexpansion%2F&#038;text=Les%20diff%C3%A9rentes%20formes%20d%E2%80%99expansion\" aria-label=\"Envoyer cette page par e-mail\" rel=\"noopener nofollow\" target=\"_blank\" class=\"wp-block-outermost-social-sharing-link-anchor\">\n\t\t<svg width=\"24\" height=\"24\" viewBox=\"0 0 24 24\" version=\"1.1\" xmlns=\"http:\/\/www.w3.org\/2000\/svg\" aria-hidden=\"true\" focusable=\"false\"><path d=\"M13.982 10.622 20.54 3h-1.554l-5.693 6.618L8.745 3H3.5l6.876 10.007L3.5 21h1.554l6.012-6.989L15.868 21h5.245l-7.131-10.378Zm-2.128 2.474-.697-.997-5.543-7.93H8l4.474 6.4.697.996 5.815 8.318h-2.387l-4.745-6.787Z\"><\/path><\/svg>\t\t<span class=\"wp-block-outermost-social-sharing-link-label screen-reader-text\">\n\t\t\tEnvoyer cette page par e-mail\t\t<\/span>\n\t<\/a>\n<\/li>\n\n\n<li style=\"color: #ffffff; background-color: #182c49; \" class=\"outermost-social-sharing-link outermost-social-sharing-link-linkedin has-white-color wp-block-outermost-social-sharing-link\">\n\t<a href=\"https:\/\/www.linkedin.com\/shareArticle?mini=true&#038;url=https%3A%2F%2Fstories.valora.com%2Ffr%2Fles-differentes-formes-dexpansion%2F&#038;title=Les%20diff%C3%A9rentes%20formes%20d%E2%80%99expansion\" aria-label=\"Partager sur LinkedIn\" rel=\"noopener nofollow\" target=\"_blank\" class=\"wp-block-outermost-social-sharing-link-anchor\">\n\t\t<svg width=\"24\" height=\"24\" viewBox=\"0 0 24 24\" version=\"1.1\" xmlns=\"http:\/\/www.w3.org\/2000\/svg\" aria-hidden=\"true\" focusable=\"false\"><path d=\"M19.7,3H4.3C3.582,3,3,3.582,3,4.3v15.4C3,20.418,3.582,21,4.3,21h15.4c0.718,0,1.3-0.582,1.3-1.3V4.3 C21,3.582,20.418,3,19.7,3z M8.339,18.338H5.667v-8.59h2.672V18.338z M7.004,8.574c-0.857,0-1.549-0.694-1.549-1.548 c0-0.855,0.691-1.548,1.549-1.548c0.854,0,1.547,0.694,1.547,1.548C8.551,7.881,7.858,8.574,7.004,8.574z M18.339,18.338h-2.669 v-4.177c0-0.996-0.017-2.278-1.387-2.278c-1.389,0-1.601,1.086-1.601,2.206v4.249h-2.667v-8.59h2.559v1.174h0.037 c0.356-0.675,1.227-1.387,2.526-1.387c2.703,0,3.203,1.779,3.203,4.092V18.338z\"><\/path><\/svg>\t\t<span class=\"wp-block-outermost-social-sharing-link-label screen-reader-text\">\n\t\t\tPartager sur LinkedIn\t\t<\/span>\n\t<\/a>\n<\/li>\n\n\n<li style=\"color: #ffffff; background-color: #182c49; \" class=\"outermost-social-sharing-link outermost-social-sharing-link-pinterest has-white-color wp-block-outermost-social-sharing-link\">\n\t<a href=\"https:\/\/pinterest.com\/pin\/create\/button\/?&#038;url=https%3A%2F%2Fstories.valora.com%2Ffr%2Fles-differentes-formes-dexpansion%2F&#038;description=Les%20diff%C3%A9rentes%20formes%20d%E2%80%99expansion&#038;media=https%3A%2F%2Fstories.valora.com%2Fwp-content%2Fuploads%2F2022%2F01%2Fvalora_wachstum_DJI_0508-1600x899.jpg\" aria-label=\"Partager sur Pinterest\" rel=\"noopener nofollow\" target=\"_blank\" class=\"wp-block-outermost-social-sharing-link-anchor\">\n\t\t<svg width=\"24\" height=\"24\" viewBox=\"0 0 24 24\" version=\"1.1\" xmlns=\"http:\/\/www.w3.org\/2000\/svg\" aria-hidden=\"true\" focusable=\"false\"><path d=\"M12.289,2C6.617,2,3.606,5.648,3.606,9.622c0,1.846,1.025,4.146,2.666,4.878c0.25,0.111,0.381,0.063,0.439-0.169 c0.044-0.175,0.267-1.029,0.365-1.428c0.032-0.128,0.017-0.237-0.091-0.362C6.445,11.911,6.01,10.75,6.01,9.668 c0-2.777,2.194-5.464,5.933-5.464c3.23,0,5.49,2.108,5.49,5.122c0,3.407-1.794,5.768-4.13,5.768c-1.291,0-2.257-1.021-1.948-2.277 c0.372-1.495,1.089-3.112,1.089-4.191c0-0.967-0.542-1.775-1.663-1.775c-1.319,0-2.379,1.309-2.379,3.059 c0,1.115,0.394,1.869,0.394,1.869s-1.302,5.279-1.54,6.261c-0.405,1.666,0.053,4.368,0.094,4.604 c0.021,0.126,0.167,0.169,0.25,0.063c0.129-0.165,1.699-2.419,2.142-4.051c0.158-0.59,0.817-2.995,0.817-2.995 c0.43,0.784,1.681,1.446,3.013,1.446c3.963,0,6.822-3.494,6.822-7.833C20.394,5.112,16.849,2,12.289,2\"><\/path><\/svg>\t\t<span class=\"wp-block-outermost-social-sharing-link-label screen-reader-text\">\n\t\t\tPartager sur Pinterest\t\t<\/span>\n\t<\/a>\n<\/li>\n\n\n<li style=\"color: #ffffff; background-color: #182c49; \" class=\"outermost-social-sharing-link outermost-social-sharing-link-mail has-white-color wp-block-outermost-social-sharing-link\">\n\t<a href=\"mailto:?subject=Les%20diff%C3%A9rentes%20formes%20d%E2%80%99expansion&#038;body=Les%20diff%C3%A9rentes%20formes%20d%E2%80%99expansion%20&mdash;%20https%3A%2F%2Fstories.valora.com%2Ffr%2Fles-differentes-formes-dexpansion%2F\" aria-label=\"Envoyer cette page par e-mail\"  class=\"wp-block-outermost-social-sharing-link-anchor\">\n\t\t<svg width=\"24\" height=\"24\" viewBox=\"0 0 24 24\" version=\"1.1\" xmlns=\"http:\/\/www.w3.org\/2000\/svg\" aria-hidden=\"true\" focusable=\"false\"><path d=\"M20,4H4C2.895,4,2,4.895,2,6v12c0,1.105,0.895,2,2,2h16c1.105,0,2-0.895,2-2V6C22,4.895,21.105,4,20,4z M20,8.236l-8,4.882 L4,8.236V6h16V8.236z\"><\/path><\/svg>\t\t<span class=\"wp-block-outermost-social-sharing-link-label screen-reader-text\">\n\t\t\tEnvoyer cette page par e-mail\t\t<\/span>\n\t<\/a>\n<\/li>\n<\/ul>\n<\/div><\/div>\n<\/div><\/div>\n","protected":false},"excerpt":{"rendered":"<p>Valora poursuit l\u2019expansion de son r\u00e9seau et de son offre et renforce son c\u0153ur de m\u00e9tier dans les r\u00e9gions existantes.<\/p>\n","protected":false},"author":1,"featured_media":13543,"comment_status":"closed","ping_status":"open","sticky":false,"template":"","format":"standard","meta":{"_coblocks_attr":"","_coblocks_dimensions":"","_coblocks_responsive_height":"","_coblocks_accordion_ie_support":"","footnotes":""},"categories":[224],"tags":[6334],"class_list":["post-13565","post","type-post","status-publish","format-standard","has-post-thumbnail","hentry","category-strategie-chiffres","tag-the-annual-report-selection-2021-fr"],"pbg_featured_image_src":{"full":["https:\/\/stories.valora.com\/wp-content\/uploads\/2022\/01\/valora_wachstum_DJI_0508-scaled.jpg",2560,1438,false],"thumbnail":["https:\/\/stories.valora.com\/wp-content\/uploads\/2022\/01\/valora_wachstum_DJI_0508-420x280.jpg",420,280,true],"medium":["https:\/\/stories.valora.com\/wp-content\/uploads\/2022\/01\/valora_wachstum_DJI_0508-1200x674.jpg",1200,674,true],"medium_large":["https:\/\/stories.valora.com\/wp-content\/uploads\/2022\/01\/valora_wachstum_DJI_0508-768x432.jpg",768,432,true],"large":["https:\/\/stories.valora.com\/wp-content\/uploads\/2022\/01\/valora_wachstum_DJI_0508-1600x899.jpg",1600,899,true],"1536x1536":["https:\/\/stories.valora.com\/wp-content\/uploads\/2022\/01\/valora_wachstum_DJI_0508-1536x863.jpg",1536,863,true],"2048x2048":["https:\/\/stories.valora.com\/wp-content\/uploads\/2022\/01\/valora_wachstum_DJI_0508-2048x1151.jpg",2048,1151,true],"valorastories-image":["https:\/\/stories.valora.com\/wp-content\/uploads\/2022\/01\/valora_wachstum_DJI_0508-800x800.jpg",800,800,true],"valorastories-image-slider":["https:\/\/stories.valora.com\/wp-content\/uploads\/2022\/01\/valora_wachstum_DJI_0508-1200x800.jpg",1200,800,true],"valorastories-image-zoomed":["https:\/\/stories.valora.com\/wp-content\/uploads\/2022\/01\/valora_wachstum_DJI_0508-1800x1200.jpg",1800,1200,true],"valorastories-image-big":["https:\/\/stories.valora.com\/wp-content\/uploads\/2022\/01\/valora_wachstum_DJI_0508-2560x1440.jpg",2560,1440,true],"twentyseventeen-featured-image":["https:\/\/stories.valora.com\/wp-content\/uploads\/2022\/01\/valora_wachstum_DJI_0508-2000x1200.jpg",2000,1200,true],"twentyseventeen-thumbnail-avatar":["https:\/\/stories.valora.com\/wp-content\/uploads\/2022\/01\/valora_wachstum_DJI_0508-100x100.jpg",100,100,true],"rp4wp-thumbnail-post":["https:\/\/stories.valora.com\/wp-content\/uploads\/2022\/01\/valora_wachstum_DJI_0508-400x267.jpg",400,267,true]},"pbg_author_info":{"display_name":"Valora Stories","author_link":"https:\/\/stories.valora.com\/fr\/author\/stories-valora\/","author_img":"<img alt='Valora Stories' src='https:\/\/secure.gravatar.com\/avatar\/4c7dcea5f2af7c4afaf9da5eb51a7c9d?s=128&#038;d=mm&#038;r=g' srcset='https:\/\/secure.gravatar.com\/avatar\/4c7dcea5f2af7c4afaf9da5eb51a7c9d?s=256&#038;d=mm&#038;r=g 2x' class='avatar avatar-128 photo' height='128' width='128' loading='lazy' decoding='async'\/>"},"pbg_comment_info":" No Comments","pbg_excerpt":"Valora poursuit l\u2019expansion de son r\u00e9seau et de son offre et renforce son c\u0153ur de m\u00e9tier dans les r\u00e9gions existantes.","_links":{"self":[{"href":"https:\/\/stories.valora.com\/fr\/wp-json\/wp\/v2\/posts\/13565","targetHints":{"allow":["GET"]}}],"collection":[{"href":"https:\/\/stories.valora.com\/fr\/wp-json\/wp\/v2\/posts"}],"about":[{"href":"https:\/\/stories.valora.com\/fr\/wp-json\/wp\/v2\/types\/post"}],"author":[{"embeddable":true,"href":"https:\/\/stories.valora.com\/fr\/wp-json\/wp\/v2\/users\/1"}],"replies":[{"embeddable":true,"href":"https:\/\/stories.valora.com\/fr\/wp-json\/wp\/v2\/comments?post=13565"}],"version-history":[{"count":36,"href":"https:\/\/stories.valora.com\/fr\/wp-json\/wp\/v2\/posts\/13565\/revisions"}],"predecessor-version":[{"id":14658,"href":"https:\/\/stories.valora.com\/fr\/wp-json\/wp\/v2\/posts\/13565\/revisions\/14658"}],"wp:featuredmedia":[{"embeddable":true,"href":"https:\/\/stories.valora.com\/fr\/wp-json\/wp\/v2\/media\/13543"}],"wp:attachment":[{"href":"https:\/\/stories.valora.com\/fr\/wp-json\/wp\/v2\/media?parent=13565"}],"wp:term":[{"taxonomy":"category","embeddable":true,"href":"https:\/\/stories.valora.com\/fr\/wp-json\/wp\/v2\/categories?post=13565"},{"taxonomy":"post_tag","embeddable":true,"href":"https:\/\/stories.valora.com\/fr\/wp-json\/wp\/v2\/tags?post=13565"}],"curies":[{"name":"wp","href":"https:\/\/api.w.org\/{rel}","templated":true}]}}