{"id":12648,"date":"2022-02-23T07:00:00","date_gmt":"2022-02-23T06:00:00","guid":{"rendered":"http:\/\/stories.valora.com\/?p=12648"},"modified":"2022-02-22T21:36:38","modified_gmt":"2022-02-22T20:36:38","slug":"une-boisson-pour-tous-les-gouts","status":"publish","type":"post","link":"https:\/\/stories.valora.com\/fr\/une-boisson-pour-tous-les-gouts\/","title":{"rendered":"Une boisson pour tous les go\u00fbts"},"content":{"rendered":"\n<p><strong><strong><strong><strong><strong>Valora d\u00e9veloppe syst\u00e9matiquement l\u2019assortiment de boissons dans ses points de vente Retail et surprend r\u00e9guli\u00e8rement la client\u00e8le avec des nouveaut\u00e9s innovantes. Pour ce faire, l\u2019entreprise mise sur des tests et des sondages, sur la collaboration avec des partenaires industriels et de petits producteurs r\u00e9gionaux ainsi que sur les tendances actuelles comme le Hard Seltzer et les Functional Drinks.<\/strong><\/strong><\/strong><\/strong><\/strong><\/p>\n\n\n\n<p>Des eaux min\u00e9rales et jus de fruits aux bi\u00e8res et vins de la r\u00e9gion, en passant par les boissons \u00e9nergisantes et le caf\u00e9: l\u2019offre de boissons des formats Retail de Valora a fortement augment\u00e9 ces derni\u00e8res ann\u00e9es et occupe de plus en plus de place dans les points de vente. Valora a particuli\u00e8rement mis l\u2019accent sur l\u2019\u00e9largissement de l\u2019offre de boissons pour la <a href=\"https:\/\/stories.valora.com\/fr\/le-format-k-kiosk-revisite\/\">modernisation de ses formats Convenience k kiosk<\/a> et <a href=\"https:\/\/stories.valora.com\/fr\/avec-le-concept-convenience-flexible-pour-chaque-site\/\">avec<\/a>.<\/p>\n\n\n\n<p>Pour quelle raison? Parce que de plus en plus de gens se restaurent en d\u00e9placement. La mobilit\u00e9 accrue de la soci\u00e9t\u00e9 a favoris\u00e9 une tendance au snacking, \u00e0 la consommation hors foyer et aux achats impulsifs. En cons\u00e9quence, Valora d\u00e9veloppe syst\u00e9matiquement la part de produits alimentaires et frais dans ses points de vente Retail, les boissons chaudes et froides occupant un r\u00f4le central.<\/p>\n\n\n\n<figure class=\"wp-block-embed is-type-video is-provider-youtube wp-block-embed-youtube wp-embed-aspect-16-9 wp-has-aspect-ratio\"><div class=\"wp-block-embed__wrapper\">\n<iframe loading=\"lazy\" title=\"Valora\" width=\"1778\" height=\"1000\" src=\"https:\/\/www.youtube.com\/embed\/xzI1Fr8Sgak?feature=oembed\" frameborder=\"0\" allow=\"accelerometer; autoplay; clipboard-write; encrypted-media; gyroscope; picture-in-picture\" allowfullscreen><\/iframe>\n<\/div><\/figure>\n\n\n\n<h2 class=\"wp-block-heading\" id=\"expansion-du-cafe\">EXPANSION DANS LE DOMAINE DES BOISSONS CHAUDES ET FROIDES<\/h2>\n\n\n\n<p>Voil\u00e0 d\u00e9j\u00e0 plusieurs ann\u00e9es que Valora poursuit son expansion dans le secteur du caf\u00e9 et a \u00e9quip\u00e9 de nombreux points de vente Retail de modules caf\u00e9 professionnels. Rien qu\u2019en Suisse, quelque 600 magasins disposent de modules de la propre cha\u00eene de bars \u00e0 caf\u00e9 Caff\u00e8 Spettacolo. Les modules permettent de proposer une offre vari\u00e9e de sp\u00e9cialit\u00e9s de caf\u00e9 et donc un caf\u00e9 personnalis\u00e9. En outre, Valora mise sur des torr\u00e9factions de grande qualit\u00e9 et utilise, depuis 2020 \u00e0 l\u2019\u00e9chelle du groupe, uniquement des grains Fairtrade pour son caf\u00e9 de marque maison. Pr\u00e8s de 2&rsquo;000 petits agriculteurs profitent de cette certification exigeante qui garantit un prix minimum et des conditions de travail d\u00e9centes.<\/p>\n\n\n\n<p>Environ 120 points de vente, principalement situ\u00e9s dans les r\u00e9gions urbaines de Suisse, sont par ailleurs \u00e9quip\u00e9s des modules de l\u2019entreprise de caf\u00e9 Starbucks. Valora r\u00e9pond ainsi au besoin de nombreux clients qui souhaitent acheter rapidement et facilement leurs produits pr\u00e9f\u00e9r\u00e9s de la gamme Starbucks aux distributeurs automatiques. Le programme \u00ab\u00a0Starbucks on the go\u00a0\u00bb est propos\u00e9 en exclusivit\u00e9 par Valora dans le travel retail en Suisse.<\/p>\n\n\n\n<blockquote class=\"wp-block-quote has-text-align-center is-style-large is-layout-flow wp-block-quote-is-layout-flow\"><p>\u00abNous voulons jouer un r\u00f4le de pr\u00e9curseur, anticiper les tendances et \u00eatre les premiers \u00e0 introduire de nouveaux produits dans nos r\u00e9frig\u00e9rateurs.\u00bb<\/p><\/blockquote>\n\n\n\n<p>Les choses \u00e9voluent \u00e9galement dans le domaine des boissons froides: ces derni\u00e8res ann\u00e9es, l\u2019offre s\u2019est non seulement \u00e9toff\u00e9e, mais aussi diversifi\u00e9e \u2013 notamment avec le lancement de nouvelles boissons de la marque maison Valora ok.\u2013. De nouvelles tendances et mouvements apparaissent r\u00e9guli\u00e8rement et se refl\u00e8tent dans les r\u00e9frig\u00e9rateurs d\u2019avec, de ServiceStore DB, d\u2019U-Store, de k kiosk, Press &amp; Books et cigo. On peut par exemple citer les <a href=\"https:\/\/stories.valora.com\/fr\/functional-foods-les-bombes-nutritionnelles-sont-en-expansion\/\">Functional Drinks<\/a> telles que les boissons prot\u00e9in\u00e9es et les eaux vitamin\u00e9es, qui ont une influence positive sur le bien-\u00eatre ou la performance. La tendance aux boissons pauvres en sucre et en calories est \u00e9galement li\u00e9e \u00e0 la prise de conscience croissante de la population en mati\u00e8re de sant\u00e9.<\/p>\n\n\n\n<p>\u00abNous voulons jouer un r\u00f4le de pr\u00e9curseur, anticiper les tendances et \u00eatre les premiers \u00e0 introduire de nouveaux produits dans nos r\u00e9frig\u00e9rateurs\u00bb, explique Helmut Wenzel. Category Manager Food &amp; Beverages chez Valora, il cite comme exemple r\u00e9ussi les boissons hard seltzer: une eau gazeuse enrichie d\u2019ar\u00f4mes de fruits et d\u2019alcool de fermentation (environ 5% en volume). La tendance s\u2019est propag\u00e9e des \u00c9tats-Unis vers l\u2019Europe. En Suisse, Valora a \u00e9t\u00e9 le premier fournisseur sur le march\u00e9 Convenience. Autre exemple, le \u00abBraTee\u00bb du rappeur allemand Capital Bra, qui a suscit\u00e9 un v\u00e9ritable engouement sur les r\u00e9seaux sociaux \u00e0 la mi-2021 et \u00e9tait, peu apr\u00e8s son lancement, d\u00e9j\u00e0 disponible dans les boutiques Valora d&rsquo;Allemagne et de Suisse.<\/p>\n\n\n\n<figure class=\"wp-block-image size-large\"><img loading=\"lazy\" decoding=\"async\" width=\"1600\" height=\"1071\" src=\"http:\/\/stories.valora.com\/wp-content\/uploads\/2022\/01\/valora_nachhaltigkeit_052A9788-1-1600x1071.jpg\" alt=\"\" class=\"wp-image-13768\" srcset=\"https:\/\/stories.valora.com\/wp-content\/uploads\/2022\/01\/valora_nachhaltigkeit_052A9788-1-1600x1071.jpg 1600w, https:\/\/stories.valora.com\/wp-content\/uploads\/2022\/01\/valora_nachhaltigkeit_052A9788-1-1200x804.jpg 1200w, https:\/\/stories.valora.com\/wp-content\/uploads\/2022\/01\/valora_nachhaltigkeit_052A9788-1-420x280.jpg 420w, https:\/\/stories.valora.com\/wp-content\/uploads\/2022\/01\/valora_nachhaltigkeit_052A9788-1-768x514.jpg 768w, https:\/\/stories.valora.com\/wp-content\/uploads\/2022\/01\/valora_nachhaltigkeit_052A9788-1-1536x1029.jpg 1536w, https:\/\/stories.valora.com\/wp-content\/uploads\/2022\/01\/valora_nachhaltigkeit_052A9788-1-2048x1371.jpg 2048w, https:\/\/stories.valora.com\/wp-content\/uploads\/2022\/01\/valora_nachhaltigkeit_052A9788-1-400x267.jpg 400w\" sizes=\"auto, (max-width: 706px) 89vw, (max-width: 767px) 82vw, 740px\" \/><\/figure>\n\n\n\n<h2 class=\"wp-block-heading\" id=\"plus-rapide-et-flexible-que-la-concurrence\">PLUS RAPIDE ET FLEXIBLE QUE LA CONCURRENCE<\/h2>\n\n\n\n<p>Les principaux facteurs de succ\u00e8s sur le march\u00e9 dynamique des boissons sont la rapidit\u00e9 et la flexibilit\u00e9 avec lesquelles les formats Valora peuvent adapter la gamme par rapport \u00e0 la concurrence. \u00abNos partenaires industriels le savent et l\u2019appr\u00e9cient, c\u2019est pourquoi ils aiment nous pr\u00e9senter de nouveaux produits\u00bb, explique Helmut Wenzel. De plus, avec ses petits points de vente situ\u00e9s dans des emplacements tr\u00e8s fr\u00e9quent\u00e9s, Valora propose une plate-forme de commercialisation id\u00e9ale pour faire conna\u00eetre les produits.<\/p>\n\n\n\n<p>Valora intervient elle-m\u00eame afin d\u2019identifier les tendances \u00e0 un stade pr\u00e9coce et d\u2019\u00e9valuer leur acceptation par la client\u00e8le: \u00abNous testons, d\u2019une part, des \u00e9chantillons envoy\u00e9s par les producteurs ou pr\u00e9sent\u00e9s dans des salons sp\u00e9cialis\u00e9s\u00bb, explique Wenzel. \u00abD\u2019autre part, nous r\u00e9alisons des sondages et des d\u00e9gustations pour l\u2019assortiment de boissons de notre marque maison ok.\u2013. La client\u00e8le est ainsi activement impliqu\u00e9e dans la conception de la gamme.\u00bb C\u2019est ainsi que l\u2019on d\u00e9termine quels ar\u00f4mes saisonniers de la boisson \u00e9nergisante ok.\u2013 seront mis en rayon.<\/p>\n\n\n\n<figure class=\"wp-block-image size-large\"><img loading=\"lazy\" decoding=\"async\" width=\"1600\" height=\"1067\" src=\"http:\/\/stories.valora.com\/wp-content\/uploads\/2022\/01\/valora_getrankeregal052A7151-1600x1067.jpg\" alt=\"\" class=\"wp-image-13783\" srcset=\"https:\/\/stories.valora.com\/wp-content\/uploads\/2022\/01\/valora_getrankeregal052A7151-1600x1067.jpg 1600w, https:\/\/stories.valora.com\/wp-content\/uploads\/2022\/01\/valora_getrankeregal052A7151-1200x800.jpg 1200w, https:\/\/stories.valora.com\/wp-content\/uploads\/2022\/01\/valora_getrankeregal052A7151-420x280.jpg 420w, https:\/\/stories.valora.com\/wp-content\/uploads\/2022\/01\/valora_getrankeregal052A7151-768x512.jpg 768w, https:\/\/stories.valora.com\/wp-content\/uploads\/2022\/01\/valora_getrankeregal052A7151-1536x1025.jpg 1536w, https:\/\/stories.valora.com\/wp-content\/uploads\/2022\/01\/valora_getrankeregal052A7151-2048x1366.jpg 2048w, https:\/\/stories.valora.com\/wp-content\/uploads\/2022\/01\/valora_getrankeregal052A7151-1800x1200.jpg 1800w, https:\/\/stories.valora.com\/wp-content\/uploads\/2022\/01\/valora_getrankeregal052A7151-400x267.jpg 400w\" sizes=\"auto, (max-width: 706px) 89vw, (max-width: 767px) 82vw, 740px\" \/><\/figure>\n\n\n\n<p>Autre instrument de test: le compteur de l\u2019innovation. Il s\u2019agit d\u2019un emplacement pr\u00e9d\u00e9fini dans le r\u00e9frig\u00e9rateur \u00e0 boissons, o\u00f9 les nouveaux produits sont plac\u00e9s bien en vue pendant quatre \u00e0 huit semaines. Si les clients sont int\u00e9ress\u00e9s, ces produits sont ensuite int\u00e9gr\u00e9s de mani\u00e8re fixe dans la gamme.<\/p>\n\n\n\n<blockquote class=\"wp-block-quote has-text-align-center is-style-large is-layout-flow wp-block-quote-is-layout-flow\"><p>\u00abPour de nombreux clients, l\u2019achat de bi\u00e8re est un moment riche en \u00e9motions o\u00f9 des sentiments tels que l\u2019origine et l\u2019artisanat jouent un r\u00f4le important.\u00bb<\/p><\/blockquote>\n\n\n\n<p>Afin de proposer un choix de boissons aussi attrayant et vari\u00e9 que possible, Valora cherche \u00e9galement \u00e0 collaborer avec de petits producteurs r\u00e9gionaux. \u00c0 Zurich, on peut notamment citer les boissons <a href=\"https:\/\/avec.ch\/fr\/vonhier\/lieferanten\/lokales-wasser-37\/\" target=\"_blank\" rel=\"noreferrer noopener\">Lokales Wasser 37<\/a> et Z\u00fcri Schorle en vente chez avec sous le label \u00abD\u2019ici. R\u00e9gional pour toi\u00bb. L\u2019origine r\u00e9gionale de la bi\u00e8re est particuli\u00e8rement importante, comme l\u2019explique Helmut Wenzel: \u00abPour de nombreux clients, l\u2019achat de bi\u00e8re est un moment riche en \u00e9motions o\u00f9 des sentiments tels que l\u2019origine et l\u2019artisanat jouent un r\u00f4le important.<\/p>\n\n\n\n<p>En Allemagne en particulier, o\u00f9 la culture de la bi\u00e8re est riche et o\u00f9 l\u2019on trouve quelque 1&rsquo;500 brasseries, les formats Retail de Valora s\u2019efforcent de proposer des bi\u00e8res r\u00e9gionales, en plus des marques nationales bien connues. En Suisse, o\u00f9 la densit\u00e9 de brasseries est la plus forte au monde, avec s\u2019est fix\u00e9 pour objectif de proposer au moins une bi\u00e8re r\u00e9gionale dans les points de vente \u2013 de Seebueb dans la r\u00e9gion de Zurich \u00e0 la Zermatt Bier \u00e0 Zermatt, en passant par \u00d6ufi Bier \u00e0 Soleure et Boxer Bier \u00e0 Yverdon-les-Bains. L\u2019offre de vins locaux est \u00e9galement \u00e9largie en permanence.<\/p>\n\n\n\n<figure class=\"wp-block-image size-large\"><img loading=\"lazy\" decoding=\"async\" width=\"1600\" height=\"1067\" src=\"http:\/\/stories.valora.com\/wp-content\/uploads\/2022\/01\/valora_urban_moments052A2513-1-1600x1067.jpg\" alt=\"\" class=\"wp-image-13841\" srcset=\"https:\/\/stories.valora.com\/wp-content\/uploads\/2022\/01\/valora_urban_moments052A2513-1-1600x1067.jpg 1600w, https:\/\/stories.valora.com\/wp-content\/uploads\/2022\/01\/valora_urban_moments052A2513-1-1200x800.jpg 1200w, https:\/\/stories.valora.com\/wp-content\/uploads\/2022\/01\/valora_urban_moments052A2513-1-420x280.jpg 420w, https:\/\/stories.valora.com\/wp-content\/uploads\/2022\/01\/valora_urban_moments052A2513-1-768x512.jpg 768w, https:\/\/stories.valora.com\/wp-content\/uploads\/2022\/01\/valora_urban_moments052A2513-1-1536x1025.jpg 1536w, https:\/\/stories.valora.com\/wp-content\/uploads\/2022\/01\/valora_urban_moments052A2513-1-2048x1366.jpg 2048w, https:\/\/stories.valora.com\/wp-content\/uploads\/2022\/01\/valora_urban_moments052A2513-1-1800x1200.jpg 1800w, https:\/\/stories.valora.com\/wp-content\/uploads\/2022\/01\/valora_urban_moments052A2513-1-400x267.jpg 400w\" sizes=\"auto, (max-width: 706px) 89vw, (max-width: 767px) 82vw, 740px\" \/><\/figure>\n\n\n\n<h2 class=\"wp-block-heading\" id=\"moins-de-20-tonnes-de-plastique-chaque-annee\">MOINS DE 20 TONNES DE PLASTIQUE CHAQUE ANN\u00c9E<\/h2>\n\n\n\n<p>Dans le cadre de ses efforts de d\u00e9veloppement durable, Valora mise non seulement sur le caf\u00e9 issu du commerce \u00e9quitable, mais \u00e9tend aussi constamment son choix de boissons bio. Sa marque maison ok.\u2013 a par exemple lanc\u00e9 il y a quelques mois le Schorle aux pommes \u00abapple spritzer\u00bb en Suisse. Valora d\u00e9ploie d\u2019importants efforts au niveau des emballages, l\u2019un des sept th\u00e8mes centraux de la <a href=\"https:\/\/valora.com\/annualreport\/2020\/de\/#sustainability-strategy\" target=\"_blank\" rel=\"noopener\">strat\u00e9gie de d\u00e9veloppement durable<\/a>: conform\u00e9ment \u00e0 l\u2019approche \u00ab\u00c9viter, r\u00e9duire, r\u00e9utiliser\u00bb, Valora a lanc\u00e9 en janvier&nbsp;2021 les gourdes tendance ok.\u2013 en acier inoxydable que les clientes et clients peuvent remplir avec de l\u2019eau du robinet froide ou du th\u00e9 chaud \u00e0 emporter.<\/p>\n\n\n\n<figure class=\"wp-block-gallery has-nested-images columns-default is-cropped columns-3 wp-block-gallery-1 is-layout-flex wp-block-gallery-is-layout-flex\">\n<figure class=\"wp-block-image size-large\"><img loading=\"lazy\" decoding=\"async\" width=\"1800\" height=\"1200\" data-id=\"14224\" src=\"http:\/\/stories.valora.com\/wp-content\/uploads\/2022\/02\/3c7384ed0fac3962dc540a84a97a116b28df1b62.png\" alt=\"\" class=\"wp-image-14224\" srcset=\"https:\/\/stories.valora.com\/wp-content\/uploads\/2022\/02\/3c7384ed0fac3962dc540a84a97a116b28df1b62.png 1800w, https:\/\/stories.valora.com\/wp-content\/uploads\/2022\/02\/3c7384ed0fac3962dc540a84a97a116b28df1b62-1200x800.png 1200w, https:\/\/stories.valora.com\/wp-content\/uploads\/2022\/02\/3c7384ed0fac3962dc540a84a97a116b28df1b62-1600x1067.png 1600w, https:\/\/stories.valora.com\/wp-content\/uploads\/2022\/02\/3c7384ed0fac3962dc540a84a97a116b28df1b62-420x280.png 420w, https:\/\/stories.valora.com\/wp-content\/uploads\/2022\/02\/3c7384ed0fac3962dc540a84a97a116b28df1b62-768x512.png 768w, https:\/\/stories.valora.com\/wp-content\/uploads\/2022\/02\/3c7384ed0fac3962dc540a84a97a116b28df1b62-1536x1024.png 1536w, https:\/\/stories.valora.com\/wp-content\/uploads\/2022\/02\/3c7384ed0fac3962dc540a84a97a116b28df1b62-400x267.png 400w\" sizes=\"auto, (max-width: 706px) 89vw, (max-width: 767px) 82vw, 740px\" \/><figcaption>ok.\u2013 bottle<\/figcaption><\/figure>\n\n\n\n<figure class=\"wp-block-image size-large\"><img loading=\"lazy\" decoding=\"async\" width=\"1800\" height=\"1200\" data-id=\"14221\" src=\"http:\/\/stories.valora.com\/wp-content\/uploads\/2022\/02\/1.png\" alt=\"\" class=\"wp-image-14221\" srcset=\"https:\/\/stories.valora.com\/wp-content\/uploads\/2022\/02\/1.png 1800w, https:\/\/stories.valora.com\/wp-content\/uploads\/2022\/02\/1-1200x800.png 1200w, https:\/\/stories.valora.com\/wp-content\/uploads\/2022\/02\/1-1600x1067.png 1600w, https:\/\/stories.valora.com\/wp-content\/uploads\/2022\/02\/1-420x280.png 420w, https:\/\/stories.valora.com\/wp-content\/uploads\/2022\/02\/1-768x512.png 768w, https:\/\/stories.valora.com\/wp-content\/uploads\/2022\/02\/1-1536x1024.png 1536w, https:\/\/stories.valora.com\/wp-content\/uploads\/2022\/02\/1-400x267.png 400w\" sizes=\"auto, (max-width: 706px) 89vw, (max-width: 767px) 82vw, 740px\" \/><figcaption>ok.\u2013 mineral water sparkling<\/figcaption><\/figure>\n\n\n\n<figure class=\"wp-block-image size-large\"><img loading=\"lazy\" decoding=\"async\" width=\"1800\" height=\"1200\" data-id=\"14218\" src=\"http:\/\/stories.valora.com\/wp-content\/uploads\/2022\/02\/0f210cfbf0323d9ed6f9a7fef3eecdd874dec371.png\" alt=\"\" class=\"wp-image-14218\" srcset=\"https:\/\/stories.valora.com\/wp-content\/uploads\/2022\/02\/0f210cfbf0323d9ed6f9a7fef3eecdd874dec371.png 1800w, https:\/\/stories.valora.com\/wp-content\/uploads\/2022\/02\/0f210cfbf0323d9ed6f9a7fef3eecdd874dec371-1200x800.png 1200w, https:\/\/stories.valora.com\/wp-content\/uploads\/2022\/02\/0f210cfbf0323d9ed6f9a7fef3eecdd874dec371-1600x1067.png 1600w, https:\/\/stories.valora.com\/wp-content\/uploads\/2022\/02\/0f210cfbf0323d9ed6f9a7fef3eecdd874dec371-420x280.png 420w, https:\/\/stories.valora.com\/wp-content\/uploads\/2022\/02\/0f210cfbf0323d9ed6f9a7fef3eecdd874dec371-768x512.png 768w, https:\/\/stories.valora.com\/wp-content\/uploads\/2022\/02\/0f210cfbf0323d9ed6f9a7fef3eecdd874dec371-1536x1024.png 1536w, https:\/\/stories.valora.com\/wp-content\/uploads\/2022\/02\/0f210cfbf0323d9ed6f9a7fef3eecdd874dec371-400x267.png 400w\" sizes=\"auto, (max-width: 706px) 89vw, (max-width: 767px) 82vw, 740px\" \/><figcaption>ok.\u2013 mineral water<\/figcaption><\/figure>\n<\/figure>\n\n\n\n<p>En outre, le grand changement des bouteilles ok.\u2013 a lieu depuis le d\u00e9but de l\u2019ann\u00e9e. Le poids des bouteilles est ainsi r\u00e9duit, et le mat\u00e9riau passe enti\u00e8rement ou partiellement du PET au PET recycl\u00e9. Pour produire ce que l\u2019on appelle le rPET, les bouteilles utilis\u00e9es sont collect\u00e9es, nettoy\u00e9es, fondues et transform\u00e9es en nouvelles bouteilles. Il en r\u00e9sulte un circuit de recyclage ferm\u00e9 (bottle-to-bottle) qui offre <a href=\"https:\/\/carbotech.ch\/cms\/wp-content\/uploads\/287.54-Bericht-Nutzen-Mehrfach-Recycling-v1.0.pdf\" target=\"_blank\" rel=\"noopener\">de grands avantages en termes de consommation de ressources et de pollution<\/a>.<\/p>\n\n\n\n<p>Gr\u00e2ce aux bouteilles plus l\u00e9g\u00e8res et au PET recycl\u00e9, Valora peut r\u00e9duire sa consommation de plastique d\u2019environ 20 tonnes par an. Les \u00e9missions de CO<sub>2<\/sub> baissent m\u00eame de plus de 200 tonnes, ce qui correspond \u00e0 l\u2019absorption annuelle de CO<sub>2<\/sub> de 16&rsquo;000 personnes adultes.<\/p>\n\n\n\n<hr class=\"wp-block-separator\"\/>\n\n\n\n<p class=\"has-text-align-center\">  Cet article a \u00e9t\u00e9 publi\u00e9 pour la premi\u00e8re fois le 9 novembre 2021 et a \u00e9t\u00e9 mis \u00e0 jour le 23 f\u00e9vrier 2022.<\/p>\n\n\n\n<p class=\"has-text-align-center\"><em><sup><mark style=\"background-color:rgba(0, 0, 0, 0)\" class=\"has-inline-color has-cyan-bluish-gray-color\">  Photos et vid\u00e9os: No\u00eb Flum.<\/mark><\/sup><\/em><\/p>\n\n\n\n<div class=\"wp-block-coblocks-row coblocks-row-103115343799\" data-columns=\"1\" data-layout=\"100\"><div class=\"wp-block-coblocks-row__inner has-background has-padding has-large-padding has-no-margin is-stacked-on-mobile has-medium-gutter\" style=\"background-color:#e8eef7\">\n<div class=\"wp-block-coblocks-column coblocks-column-103115346253\" style=\"width:100%\"><div class=\"wp-block-coblocks-column__inner has-no-padding has-no-margin\">\n<h4 class=\"has-text-align-center margin-bottom-05 margin-top-0 wp-block-heading\" id=\"c-est-si-facile-de-partager\"><strong>C\u2019est si facile de partager<\/strong>:<\/h4>\n\n\n\n<p class=\"has-text-align-center\"><meta charset=\"utf-8\">Faites conna\u00eetre cette story \u00e0 vos amis et coll\u00e8gues!<\/p>\n\n\n\n<div style=\"height:20px\" aria-hidden=\"true\" class=\"wp-block-spacer\"><\/div>\n\n\n\n<ul class=\"wp-block-outermost-social-sharing has-icon-color has-icon-background-color is-style-default has-no-margin is-horizontal is-content-justification-center is-nowrap is-layout-flex wp-container-outermost-social-sharing-is-layout-1 wp-block-social-sharing-is-layout-flex\"><li style=\"color: #ffffff; background-color: #182c49; \" class=\"outermost-social-sharing-link outermost-social-sharing-link-facebook has-white-color wp-block-outermost-social-sharing-link\">\n\t<a href=\"https:\/\/www.facebook.com\/sharer\/sharer.php?u=https%3A%2F%2Fstories.valora.com%2Ffr%2Fune-boisson-pour-tous-les-gouts%2F&#038;title=Une%20boisson%20pour%20tous%20les%20go%C3%BBts\" aria-label=\"Partager sur Facebook\" rel=\"noopener nofollow\" target=\"_blank\" class=\"wp-block-outermost-social-sharing-link-anchor\">\n\t\t<svg width=\"24\" height=\"24\" viewBox=\"0 0 24 24\" version=\"1.1\" xmlns=\"http:\/\/www.w3.org\/2000\/svg\" aria-hidden=\"true\" focusable=\"false\"><path d=\"M12 2C6.5 2 2 6.5 2 12c0 5 3.7 9.1 8.4 9.9v-7H7.9V12h2.5V9.8c0-2.5 1.5-3.9 3.8-3.9 1.1 0 2.2.2 2.2.2v2.5h-1.3c-1.2 0-1.6.8-1.6 1.6V12h2.8l-.4 2.9h-2.3v7C18.3 21.1 22 17 22 12c0-5.5-4.5-10-10-10z\"><\/path><\/svg>\t\t<span class=\"wp-block-outermost-social-sharing-link-label screen-reader-text\">\n\t\t\tPartager sur Facebook\t\t<\/span>\n\t<\/a>\n<\/li>\n\n\n<li style=\"color: #ffffff; background-color: #182c49; \" class=\"outermost-social-sharing-link outermost-social-sharing-link-x has-white-color wp-block-outermost-social-sharing-link\">\n\t<a href=\"https:\/\/x.com\/share?url=https%3A%2F%2Fstories.valora.com%2Ffr%2Fune-boisson-pour-tous-les-gouts%2F&#038;text=Une%20boisson%20pour%20tous%20les%20go%C3%BBts\" aria-label=\"Envoyer cette page par e-mail\" rel=\"noopener nofollow\" target=\"_blank\" class=\"wp-block-outermost-social-sharing-link-anchor\">\n\t\t<svg width=\"24\" height=\"24\" viewBox=\"0 0 24 24\" version=\"1.1\" xmlns=\"http:\/\/www.w3.org\/2000\/svg\" aria-hidden=\"true\" focusable=\"false\"><path d=\"M13.982 10.622 20.54 3h-1.554l-5.693 6.618L8.745 3H3.5l6.876 10.007L3.5 21h1.554l6.012-6.989L15.868 21h5.245l-7.131-10.378Zm-2.128 2.474-.697-.997-5.543-7.93H8l4.474 6.4.697.996 5.815 8.318h-2.387l-4.745-6.787Z\"><\/path><\/svg>\t\t<span class=\"wp-block-outermost-social-sharing-link-label screen-reader-text\">\n\t\t\tEnvoyer cette page par e-mail\t\t<\/span>\n\t<\/a>\n<\/li>\n\n\n<li style=\"color: #ffffff; background-color: #182c49; \" class=\"outermost-social-sharing-link outermost-social-sharing-link-linkedin has-white-color wp-block-outermost-social-sharing-link\">\n\t<a href=\"https:\/\/www.linkedin.com\/shareArticle?mini=true&#038;url=https%3A%2F%2Fstories.valora.com%2Ffr%2Fune-boisson-pour-tous-les-gouts%2F&#038;title=Une%20boisson%20pour%20tous%20les%20go%C3%BBts\" aria-label=\"Partager sur LinkedIn\" rel=\"noopener nofollow\" target=\"_blank\" class=\"wp-block-outermost-social-sharing-link-anchor\">\n\t\t<svg width=\"24\" height=\"24\" viewBox=\"0 0 24 24\" version=\"1.1\" xmlns=\"http:\/\/www.w3.org\/2000\/svg\" aria-hidden=\"true\" focusable=\"false\"><path d=\"M19.7,3H4.3C3.582,3,3,3.582,3,4.3v15.4C3,20.418,3.582,21,4.3,21h15.4c0.718,0,1.3-0.582,1.3-1.3V4.3 C21,3.582,20.418,3,19.7,3z M8.339,18.338H5.667v-8.59h2.672V18.338z M7.004,8.574c-0.857,0-1.549-0.694-1.549-1.548 c0-0.855,0.691-1.548,1.549-1.548c0.854,0,1.547,0.694,1.547,1.548C8.551,7.881,7.858,8.574,7.004,8.574z M18.339,18.338h-2.669 v-4.177c0-0.996-0.017-2.278-1.387-2.278c-1.389,0-1.601,1.086-1.601,2.206v4.249h-2.667v-8.59h2.559v1.174h0.037 c0.356-0.675,1.227-1.387,2.526-1.387c2.703,0,3.203,1.779,3.203,4.092V18.338z\"><\/path><\/svg>\t\t<span class=\"wp-block-outermost-social-sharing-link-label screen-reader-text\">\n\t\t\tPartager sur LinkedIn\t\t<\/span>\n\t<\/a>\n<\/li>\n\n\n<li style=\"color: #ffffff; background-color: #182c49; \" class=\"outermost-social-sharing-link outermost-social-sharing-link-pinterest has-white-color wp-block-outermost-social-sharing-link\">\n\t<a href=\"https:\/\/pinterest.com\/pin\/create\/button\/?&#038;url=https%3A%2F%2Fstories.valora.com%2Ffr%2Fune-boisson-pour-tous-les-gouts%2F&#038;description=Une%20boisson%20pour%20tous%20les%20go%C3%BBts&#038;media=https%3A%2F%2Fstories.valora.com%2Fwp-content%2Fuploads%2F2022%2F02%2Fvalora_wasser_frische052A8553-1-1600x1067.jpg\" aria-label=\"Partager sur Pinterest\" rel=\"noopener nofollow\" target=\"_blank\" class=\"wp-block-outermost-social-sharing-link-anchor\">\n\t\t<svg width=\"24\" height=\"24\" viewBox=\"0 0 24 24\" version=\"1.1\" xmlns=\"http:\/\/www.w3.org\/2000\/svg\" aria-hidden=\"true\" focusable=\"false\"><path d=\"M12.289,2C6.617,2,3.606,5.648,3.606,9.622c0,1.846,1.025,4.146,2.666,4.878c0.25,0.111,0.381,0.063,0.439-0.169 c0.044-0.175,0.267-1.029,0.365-1.428c0.032-0.128,0.017-0.237-0.091-0.362C6.445,11.911,6.01,10.75,6.01,9.668 c0-2.777,2.194-5.464,5.933-5.464c3.23,0,5.49,2.108,5.49,5.122c0,3.407-1.794,5.768-4.13,5.768c-1.291,0-2.257-1.021-1.948-2.277 c0.372-1.495,1.089-3.112,1.089-4.191c0-0.967-0.542-1.775-1.663-1.775c-1.319,0-2.379,1.309-2.379,3.059 c0,1.115,0.394,1.869,0.394,1.869s-1.302,5.279-1.54,6.261c-0.405,1.666,0.053,4.368,0.094,4.604 c0.021,0.126,0.167,0.169,0.25,0.063c0.129-0.165,1.699-2.419,2.142-4.051c0.158-0.59,0.817-2.995,0.817-2.995 c0.43,0.784,1.681,1.446,3.013,1.446c3.963,0,6.822-3.494,6.822-7.833C20.394,5.112,16.849,2,12.289,2\"><\/path><\/svg>\t\t<span class=\"wp-block-outermost-social-sharing-link-label screen-reader-text\">\n\t\t\tPartager sur Pinterest\t\t<\/span>\n\t<\/a>\n<\/li>\n\n\n<li style=\"color: #ffffff; background-color: #182c49; \" class=\"outermost-social-sharing-link outermost-social-sharing-link-mail has-white-color wp-block-outermost-social-sharing-link\">\n\t<a href=\"mailto:?subject=Une%20boisson%20pour%20tous%20les%20go%C3%BBts&#038;body=Une%20boisson%20pour%20tous%20les%20go%C3%BBts%20&mdash;%20https%3A%2F%2Fstories.valora.com%2Ffr%2Fune-boisson-pour-tous-les-gouts%2F\" aria-label=\"Envoyer cette page par e-mail\"  class=\"wp-block-outermost-social-sharing-link-anchor\">\n\t\t<svg width=\"24\" height=\"24\" viewBox=\"0 0 24 24\" version=\"1.1\" xmlns=\"http:\/\/www.w3.org\/2000\/svg\" aria-hidden=\"true\" focusable=\"false\"><path d=\"M20,4H4C2.895,4,2,4.895,2,6v12c0,1.105,0.895,2,2,2h16c1.105,0,2-0.895,2-2V6C22,4.895,21.105,4,20,4z M20,8.236l-8,4.882 L4,8.236V6h16V8.236z\"><\/path><\/svg>\t\t<span class=\"wp-block-outermost-social-sharing-link-label screen-reader-text\">\n\t\t\tEnvoyer cette page par e-mail\t\t<\/span>\n\t<\/a>\n<\/li>\n<\/ul>\n<\/div><\/div>\n<\/div><\/div>\n","protected":false},"excerpt":{"rendered":"<p>Valora d\u00e9veloppe syst\u00e9matiquement la part de produits Food et frais dans ses points de vente Retail. Les boissons chaudes et froides jouent \u00e0 cet \u00e9gard un r\u00f4le central.<\/p>\n","protected":false},"author":1,"featured_media":13755,"comment_status":"closed","ping_status":"open","sticky":false,"template":"","format":"standard","meta":{"_coblocks_attr":"","_coblocks_dimensions":"","_coblocks_responsive_height":"","_coblocks_accordion_ie_support":"","footnotes":""},"categories":[382],"tags":[6314,5565,753,6320,6334],"class_list":["post-12648","post","type-post","status-publish","format-standard","has-post-thumbnail","hentry","category-business-fr","tag-boisson","tag-durabilite","tag-retail-fr","tag-tendance","tag-the-annual-report-selection-2021-fr"],"pbg_featured_image_src":{"full":["https:\/\/stories.valora.com\/wp-content\/uploads\/2022\/02\/valora_wasser_frische052A8553-1-scaled.jpg",2560,1708,false],"thumbnail":["https:\/\/stories.valora.com\/wp-content\/uploads\/2022\/02\/valora_wasser_frische052A8553-1-420x280.jpg",420,280,true],"medium":["https:\/\/stories.valora.com\/wp-content\/uploads\/2022\/02\/valora_wasser_frische052A8553-1-1200x800.jpg",1200,800,true],"medium_large":["https:\/\/stories.valora.com\/wp-content\/uploads\/2022\/02\/valora_wasser_frische052A8553-1-768x512.jpg",768,512,true],"large":["https:\/\/stories.valora.com\/wp-content\/uploads\/2022\/02\/valora_wasser_frische052A8553-1-1600x1067.jpg",1600,1067,true],"1536x1536":["https:\/\/stories.valora.com\/wp-content\/uploads\/2022\/02\/valora_wasser_frische052A8553-1-1536x1025.jpg",1536,1025,true],"2048x2048":["https:\/\/stories.valora.com\/wp-content\/uploads\/2022\/02\/valora_wasser_frische052A8553-1-2048x1366.jpg",2048,1366,true],"valorastories-image":["https:\/\/stories.valora.com\/wp-content\/uploads\/2022\/02\/valora_wasser_frische052A8553-1-800x800.jpg",800,800,true],"valorastories-image-slider":["https:\/\/stories.valora.com\/wp-content\/uploads\/2022\/02\/valora_wasser_frische052A8553-1-1200x800.jpg",1200,800,true],"valorastories-image-zoomed":["https:\/\/stories.valora.com\/wp-content\/uploads\/2022\/02\/valora_wasser_frische052A8553-1-1800x1200.jpg",1800,1200,true],"valorastories-image-big":["https:\/\/stories.valora.com\/wp-content\/uploads\/2022\/02\/valora_wasser_frische052A8553-1-2560x1440.jpg",2560,1440,true],"twentyseventeen-featured-image":["https:\/\/stories.valora.com\/wp-content\/uploads\/2022\/02\/valora_wasser_frische052A8553-1-2000x1200.jpg",2000,1200,true],"twentyseventeen-thumbnail-avatar":["https:\/\/stories.valora.com\/wp-content\/uploads\/2022\/02\/valora_wasser_frische052A8553-1-100x100.jpg",100,100,true],"rp4wp-thumbnail-post":["https:\/\/stories.valora.com\/wp-content\/uploads\/2022\/02\/valora_wasser_frische052A8553-1-400x267.jpg",400,267,true]},"pbg_author_info":{"display_name":"Valora Stories","author_link":"https:\/\/stories.valora.com\/fr\/author\/stories-valora\/","author_img":"<img alt='Valora Stories' src='https:\/\/secure.gravatar.com\/avatar\/4c7dcea5f2af7c4afaf9da5eb51a7c9d?s=128&#038;d=mm&#038;r=g' srcset='https:\/\/secure.gravatar.com\/avatar\/4c7dcea5f2af7c4afaf9da5eb51a7c9d?s=256&#038;d=mm&#038;r=g 2x' class='avatar avatar-128 photo' height='128' width='128' loading='lazy' decoding='async'\/>"},"pbg_comment_info":" No Comments","pbg_excerpt":"Valora d\u00e9veloppe syst\u00e9matiquement la part de produits Food et frais dans ses points de vente Retail. Les boissons chaudes et froides jouent \u00e0 cet \u00e9gard un r\u00f4le central.","_links":{"self":[{"href":"https:\/\/stories.valora.com\/fr\/wp-json\/wp\/v2\/posts\/12648","targetHints":{"allow":["GET"]}}],"collection":[{"href":"https:\/\/stories.valora.com\/fr\/wp-json\/wp\/v2\/posts"}],"about":[{"href":"https:\/\/stories.valora.com\/fr\/wp-json\/wp\/v2\/types\/post"}],"author":[{"embeddable":true,"href":"https:\/\/stories.valora.com\/fr\/wp-json\/wp\/v2\/users\/1"}],"replies":[{"embeddable":true,"href":"https:\/\/stories.valora.com\/fr\/wp-json\/wp\/v2\/comments?post=12648"}],"version-history":[{"count":38,"href":"https:\/\/stories.valora.com\/fr\/wp-json\/wp\/v2\/posts\/12648\/revisions"}],"predecessor-version":[{"id":14639,"href":"https:\/\/stories.valora.com\/fr\/wp-json\/wp\/v2\/posts\/12648\/revisions\/14639"}],"wp:featuredmedia":[{"embeddable":true,"href":"https:\/\/stories.valora.com\/fr\/wp-json\/wp\/v2\/media\/13755"}],"wp:attachment":[{"href":"https:\/\/stories.valora.com\/fr\/wp-json\/wp\/v2\/media?parent=12648"}],"wp:term":[{"taxonomy":"category","embeddable":true,"href":"https:\/\/stories.valora.com\/fr\/wp-json\/wp\/v2\/categories?post=12648"},{"taxonomy":"post_tag","embeddable":true,"href":"https:\/\/stories.valora.com\/fr\/wp-json\/wp\/v2\/tags?post=12648"}],"curies":[{"name":"wp","href":"https:\/\/api.w.org\/{rel}","templated":true}]}}