{"id":12123,"date":"2022-02-23T07:00:00","date_gmt":"2022-02-23T06:00:00","guid":{"rendered":"http:\/\/stories.valora.com\/?p=12123"},"modified":"2022-02-22T21:41:05","modified_gmt":"2022-02-22T20:41:05","slug":"partenaires-franchise-et-agence","status":"publish","type":"post","link":"https:\/\/stories.valora.com\/fr\/partenaires-franchise-et-agence\/","title":{"rendered":"Ind\u00e9pendants mais pas seuls: les partenaires de franchise et d\u2019agence de Valora"},"content":{"rendered":"\n<p><strong>Formation cibl\u00e9e et coaching intensif apr\u00e8s l\u2019ouverture du magasin: Valora forme ses franchis\u00e9s et partenaires d\u2019agence pour qu\u2019ils deviennent des hommes d\u2019affaires autonomes et performants. Chaque format emprunte une voie diff\u00e9rente.<\/strong><\/p>\n\n\n\n<p>Le 15.12.2020 \u00e0 7 heures, le campus de Valora Food Service Allemagne a ouvert ses portes \u00e0 quelques pas de la gare centrale d\u2019Essen. Une cinquantaine de franchis\u00e9s de BackWerk et de partenaires d\u2019agence de la Brezelb\u00e4ckerei Ditsch peuvent y \u00eatre form\u00e9s. En pleine pand\u00e9mie de COVID-19, une \u00e9tape importante a ainsi \u00e9t\u00e9 franchie, devant moderniser la formation, l\u2019uniformiser davantage et l\u2019amener \u00e0 un nouveau niveau.<\/p>\n\n\n\n<div class=\"wp-block-coblocks-accordion\">\n<div class=\"wp-block-coblocks-accordion-item\"><details><summary class=\"wp-block-coblocks-accordion-item__title\"><strong>Partenaires de franchise et d\u2019agence de Valora: ind\u00e9pendants, mais pas seuls<\/strong><\/summary><div class=\"wp-block-coblocks-accordion-item__content\" tabindex=\"0\">\n<p>Afin de se rapprocher syst\u00e9matiquement de sa vision des meilleurs concepts Food et Convenience, Valora mise sur des collaborateurs motiv\u00e9s et des exploitants actifs dans l\u2019esprit d\u2019entreprise. Dans ce contexte, les <a href=\"https:\/\/www.valora.com\/de\/career\/operatingmodel\/\" target=\"_blank\" rel=\"noopener\">mod\u00e8les d\u2019exploitation<\/a>, dans lesquels les partenaires agissent comme des entrepreneurs ind\u00e9pendants et participent au succ\u00e8s \u00e9conomique, jouent un r\u00f4le central. Actuellement, environ trois quarts des points de vente Valora sont exploit\u00e9s par des franchis\u00e9s et des partenaires d\u2019agence (<a href=\"https:\/\/stories.valora.com\/fr\/etre-son-propre-patron-avec-valora-un-partenaire-solide\/\">diff\u00e9rences entre la franchise et l\u2019agence<\/a>). Valora leur propose un concept \u00e9prouv\u00e9 sur des sites haut de gamme ainsi qu\u2019une formation professionnelle et un coaching intensif au-del\u00e0 de l\u2019ouverture du magasin.<\/p>\n<\/div><\/details><\/div>\n<\/div>\n\n\n\n<p>Les points de vente publics de BackWerk et Ditsch pour la formation pratique en conditions r\u00e9elles sont les pi\u00e8ces ma\u00eetresses du campus. Le campus comprend \u00e9galement des salles de formation et un studio o\u00f9 sont r\u00e9alis\u00e9s des webinaires et des contenus de formation en ligne. \u00abNotre ambition est de proposer une formation moderne et efficace, c\u2019est pourquoi nous compl\u00e9tons la formation au point de vente par des offres num\u00e9riques\u00bb, explique Patrick Bartsch, Head of Franchise &amp; Operational Excellence chez Valora Food Service Allemagne.<\/p>\n\n\n\n<figure class=\"wp-block-gallery has-nested-images columns-default is-cropped wp-block-gallery-1 is-layout-flex wp-block-gallery-is-layout-flex\">\n<figure class=\"wp-block-image size-medium\"><img loading=\"lazy\" decoding=\"async\" width=\"1200\" height=\"800\" data-id=\"14139\" src=\"http:\/\/stories.valora.com\/wp-content\/uploads\/2022\/02\/valora_academy052A1392-2-1200x800.jpg\" alt=\"Image gallery image\" class=\"wp-image-14139\" srcset=\"https:\/\/stories.valora.com\/wp-content\/uploads\/2022\/02\/valora_academy052A1392-2-1200x800.jpg 1200w, https:\/\/stories.valora.com\/wp-content\/uploads\/2022\/02\/valora_academy052A1392-2-1600x1067.jpg 1600w, https:\/\/stories.valora.com\/wp-content\/uploads\/2022\/02\/valora_academy052A1392-2-420x280.jpg 420w, https:\/\/stories.valora.com\/wp-content\/uploads\/2022\/02\/valora_academy052A1392-2-768x512.jpg 768w, https:\/\/stories.valora.com\/wp-content\/uploads\/2022\/02\/valora_academy052A1392-2-1536x1025.jpg 1536w, https:\/\/stories.valora.com\/wp-content\/uploads\/2022\/02\/valora_academy052A1392-2-2048x1366.jpg 2048w, https:\/\/stories.valora.com\/wp-content\/uploads\/2022\/02\/valora_academy052A1392-2-1800x1200.jpg 1800w, https:\/\/stories.valora.com\/wp-content\/uploads\/2022\/02\/valora_academy052A1392-2-400x267.jpg 400w\" sizes=\"auto, (max-width: 706px) 89vw, (max-width: 767px) 82vw, 740px\" \/><\/figure>\n\n\n\n<figure class=\"wp-block-image size-medium\"><img loading=\"lazy\" decoding=\"async\" width=\"1200\" height=\"800\" data-id=\"14136\" src=\"http:\/\/stories.valora.com\/wp-content\/uploads\/2022\/02\/valora_academy052A1283-2-1200x800.jpg\" alt=\"Image gallery image\" class=\"wp-image-14136\" srcset=\"https:\/\/stories.valora.com\/wp-content\/uploads\/2022\/02\/valora_academy052A1283-2-1200x800.jpg 1200w, https:\/\/stories.valora.com\/wp-content\/uploads\/2022\/02\/valora_academy052A1283-2-1600x1067.jpg 1600w, https:\/\/stories.valora.com\/wp-content\/uploads\/2022\/02\/valora_academy052A1283-2-420x280.jpg 420w, https:\/\/stories.valora.com\/wp-content\/uploads\/2022\/02\/valora_academy052A1283-2-768x512.jpg 768w, https:\/\/stories.valora.com\/wp-content\/uploads\/2022\/02\/valora_academy052A1283-2-1536x1024.jpg 1536w, https:\/\/stories.valora.com\/wp-content\/uploads\/2022\/02\/valora_academy052A1283-2-2048x1366.jpg 2048w, https:\/\/stories.valora.com\/wp-content\/uploads\/2022\/02\/valora_academy052A1283-2-1800x1200.jpg 1800w, https:\/\/stories.valora.com\/wp-content\/uploads\/2022\/02\/valora_academy052A1283-2-400x267.jpg 400w\" sizes=\"auto, (max-width: 706px) 89vw, (max-width: 767px) 82vw, 740px\" \/><\/figure>\n<\/figure>\n\n\n\n<h2 class=\"wp-block-heading\" id=\"la-proximite-favorise-les-echanges\">La proximit\u00e9 favorise les \u00e9changes<\/h2>\n\n\n\n<p>L\u2019importance et l\u2019acceptation des cours virtuels ont augment\u00e9 pendant la pand\u00e9mie de COVID-19. Dans le m\u00eame temps, Bartsch se r\u00e9jouit que le nouveau campus se trouve \u00e0 quelques pas du si\u00e8ge de Valora Food Service Allemagne. \u00abLa proximit\u00e9 favorise les \u00e9changes et nous rapproche encore davantage\u00bb, affirme-t-il avec conviction. \u00abEn outre, nous pouvons mieux transmettre nos valeurs et notre amour pour les marques avant d\u2019envoyer nos partenaires dans les r\u00e9gions.\u00bb<\/p>\n\n\n\n<figure class=\"wp-block-gallery has-nested-images columns-default is-cropped wp-block-gallery-2 is-layout-flex wp-block-gallery-is-layout-flex\">\n<figure class=\"wp-block-image size-medium\"><img loading=\"lazy\" decoding=\"async\" width=\"1200\" height=\"800\" data-id=\"14146\" src=\"http:\/\/stories.valora.com\/wp-content\/uploads\/2022\/02\/valora_academy052A1124-1200x800.jpg\" alt=\"Image gallery image\" class=\"wp-image-14146\" srcset=\"https:\/\/stories.valora.com\/wp-content\/uploads\/2022\/02\/valora_academy052A1124-1200x800.jpg 1200w, https:\/\/stories.valora.com\/wp-content\/uploads\/2022\/02\/valora_academy052A1124-1600x1067.jpg 1600w, https:\/\/stories.valora.com\/wp-content\/uploads\/2022\/02\/valora_academy052A1124-420x280.jpg 420w, https:\/\/stories.valora.com\/wp-content\/uploads\/2022\/02\/valora_academy052A1124-768x512.jpg 768w, https:\/\/stories.valora.com\/wp-content\/uploads\/2022\/02\/valora_academy052A1124-1536x1025.jpg 1536w, https:\/\/stories.valora.com\/wp-content\/uploads\/2022\/02\/valora_academy052A1124-2048x1366.jpg 2048w, https:\/\/stories.valora.com\/wp-content\/uploads\/2022\/02\/valora_academy052A1124-1800x1200.jpg 1800w, https:\/\/stories.valora.com\/wp-content\/uploads\/2022\/02\/valora_academy052A1124-400x267.jpg 400w\" sizes=\"auto, (max-width: 706px) 89vw, (max-width: 767px) 82vw, 740px\" \/><\/figure>\n\n\n\n<figure class=\"wp-block-image size-medium\"><img loading=\"lazy\" decoding=\"async\" width=\"1200\" height=\"800\" data-id=\"14126\" src=\"http:\/\/stories.valora.com\/wp-content\/uploads\/2022\/02\/valora_academy052A1187-1200x800.jpg\" alt=\"Image gallery image\" class=\"wp-image-14126\" srcset=\"https:\/\/stories.valora.com\/wp-content\/uploads\/2022\/02\/valora_academy052A1187-1200x800.jpg 1200w, https:\/\/stories.valora.com\/wp-content\/uploads\/2022\/02\/valora_academy052A1187-1600x1066.jpg 1600w, https:\/\/stories.valora.com\/wp-content\/uploads\/2022\/02\/valora_academy052A1187-420x280.jpg 420w, https:\/\/stories.valora.com\/wp-content\/uploads\/2022\/02\/valora_academy052A1187-768x512.jpg 768w, https:\/\/stories.valora.com\/wp-content\/uploads\/2022\/02\/valora_academy052A1187-1536x1023.jpg 1536w, https:\/\/stories.valora.com\/wp-content\/uploads\/2022\/02\/valora_academy052A1187-2048x1365.jpg 2048w, https:\/\/stories.valora.com\/wp-content\/uploads\/2022\/02\/valora_academy052A1187-1800x1200.jpg 1800w, https:\/\/stories.valora.com\/wp-content\/uploads\/2022\/02\/valora_academy052A1187-400x267.jpg 400w\" sizes=\"auto, (max-width: 706px) 89vw, (max-width: 767px) 82vw, 740px\" \/><\/figure>\n<\/figure>\n\n\n\n<p>Le syst\u00e8me standard est toujours au c\u0153ur de la formation des partenaires exploitants. Un catalogue de directives et de consignes sur le remplissage des comptoirs ou le nettoyage des chambres de cong\u00e9lation. Le standard sert d\u2019assurance qualit\u00e9 et de signe de reconnaissance. Ainsi, les h\u00f4tes des quelque 500 boutiques BackWerk et Ditsch d\u2019Allemagne recevront leurs snacks pr\u00e9f\u00e9r\u00e9s avec la m\u00eame qualit\u00e9.<\/p>\n\n\n\n<p>Chez BackWerk, avec ses vastes gammes et ses processus complexes, l\u2019assimilation du syst\u00e8me standard est particuli\u00e8rement difficile. C\u2019est pourquoi, depuis dix ans d\u00e9j\u00e0, on mise sur une formation centralis\u00e9e et uniforme, devant le campus de l\u2019acad\u00e9mie BackWerk \u00e0 Dortmund. Six semaines de formation de base sont suivies de deux semaines de stage. Les formations th\u00e9oriques se limitent \u00e0 une ou deux heures tous les quelques jours. D\u00e8s le deuxi\u00e8me jour, nous mettons les choses au comptoir. Patrick Bartsch: \u00abLes journ\u00e9es th\u00e9oriques de huit heures ne conviennent pas aux futurs hommes d\u2019affaires ind\u00e9pendants. Ce sont des battants qui veulent mettre la main \u00e0 la p\u00e2te.\u00bb<\/p>\n\n\n\n<hr class=\"wp-block-separator has-text-color has-background has-cyan-bluish-gray-background-color has-cyan-bluish-gray-color is-style-wide\"\/>\n\n\n\n<h4 class=\"has-text-align-center wp-block-heading\" id=\"Interview-franchis\u00e9-BackWerk\">Interview avec un franchis\u00e9 de BackWerk<\/h4>\n\n\n\n<div class=\"wp-block-coblocks-accordion\">\n<div class=\"wp-block-coblocks-accordion-item\"><details><summary class=\"wp-block-coblocks-accordion-item__title\"><strong><strong>\u00abOn parle ici d\u2019\u00e9gal \u00e0 \u00e9gal\u00bb<\/strong><\/strong><\/summary><div class=\"wp-block-coblocks-accordion-item__content\" tabindex=\"0\">\n<div aria-label=\"Stacked Gallery\" class=\"wp-block-coblocks-gallery-stacked alignfull\"><ul class=\"coblocks-gallery has-fullwidth-images\"><li class=\"coblocks-gallery--item\"><figure class=\"coblocks-gallery--figure\"><img loading=\"lazy\" decoding=\"async\" width=\"1600\" height=\"1067\" alt=\"Brian Samali franchis\u00e9 BackWerk\" class=\"wp-image-12065 has-shadow-none\" data-id=\"12065\" data-imglink=\"\" data-link=\"http:\/\/stories.valora.com\/fr\/?attachment_id=12065\" src=\"http:\/\/stories.valora.com\/wp-content\/uploads\/2023\/09\/2-1-1600x1067.jpg\" srcset=\"https:\/\/stories.valora.com\/wp-content\/uploads\/2023\/09\/2-1-1600x1067.jpg 1600w, https:\/\/stories.valora.com\/wp-content\/uploads\/2023\/09\/2-1-1200x800.jpg 1200w, https:\/\/stories.valora.com\/wp-content\/uploads\/2023\/09\/2-1-420x280.jpg 420w, https:\/\/stories.valora.com\/wp-content\/uploads\/2023\/09\/2-1-768x512.jpg 768w, https:\/\/stories.valora.com\/wp-content\/uploads\/2023\/09\/2-1-1536x1024.jpg 1536w, https:\/\/stories.valora.com\/wp-content\/uploads\/2023\/09\/2-1-2048x1365.jpg 2048w, https:\/\/stories.valora.com\/wp-content\/uploads\/2023\/09\/2-1-1800x1200.jpg 1800w, https:\/\/stories.valora.com\/wp-content\/uploads\/2023\/09\/2-1-400x267.jpg 400w\" sizes=\"auto, (max-width: 706px) 89vw, (max-width: 767px) 82vw, 740px\" \/><\/figure><\/li><\/ul><\/div>\n\n\n\n<p>Brian Samali est franchis\u00e9 de BackWerk Allemagne depuis 2018 et g\u00e8re aujourd\u2019hui quatre magasins avec 26 employ\u00e9s. Il est entr\u00e9 dans le secteur alimentaire apr\u00e8s avoir chang\u00e9 d\u2019orientation. Apr\u00e8s avoir obtenu son MBA en Business Administration aux \u00c9tats-Unis, il a notamment dirig\u00e9 une soci\u00e9t\u00e9 de logiciels.<\/p>\n\n\n\n<p><strong>Monsieur Samali, qu\u2019est-ce que \u00e7a fait d\u2019\u00eatre entrepreneur ind\u00e9pendant?<\/strong><\/p>\n\n\n\n<p>Beaucoup de gens se disent: \u00abAh, ce serait g\u00e9nial d\u2019\u00eatre mon propre patron\u00bb. C\u2019est tout \u00e0 fait vrai. Mais le fait d\u2019\u00eatre ind\u00e9pendant change tout. Il y a par exemple la nouvelle responsabilit\u00e9 endoss\u00e9e: on est certes son propre chef, mais on est aussi le chef de ses collaborateurs. Des qualit\u00e9s de leadership, une connaissance de la nature humaine et du doigt\u00e9 sont indispensables.<\/p>\n\n\n\n<p><strong>Et la journ\u00e9e ne se termine pas au bout de huit heures de travail, n\u2019est-ce pas?<\/strong><\/p>\n\n\n\n<p>C\u2019est exact. Le fait d\u2019\u00eatre ind\u00e9pendant implique beaucoup de travail. Je m\u2019occupe toujours de plusieurs choses \u00e0 la fois. Il y a d\u2019une part le travail de bureau: comptabilit\u00e9, commandes de marchandises, paiements des salaires, etc. Et un chef doit d\u2019autre part aussi mettre la main \u00e0 la p\u00e2te. Surtout lorsque des collaborateurs sont absents. J\u2019ai d\u2019abord d\u00fb m\u2019habituer aux nombreuses heures pass\u00e9es debout et au travail physique. Ma montre indique le nombre de kilom\u00e8tres que j\u2019ai parcourus. Ma moyenne: dix kilom\u00e8tres par jour. Cela me permet de garder la forme!<\/p>\n\n\n\n<p><strong>N\u2019avez-vous jamais regrett\u00e9 de vous \u00eatre mis \u00e0 votre compte?<\/strong><\/p>\n\n\n\n<p>Jamais, pas une seconde! Je n\u2019arrive plus \u00e0 imaginer comment je faisais, en tant qu\u2019employ\u00e9, pour rester assis toute la journ\u00e9e \u00e0 un bureau. J\u2019aime mon travail. Chaque jour est diff\u00e9rent. Et j\u2019ai un tr\u00e8s bon salaire.<\/p>\n\n\n\n<p><strong>Pourquoi n\u2019avez-vous pas choisi d\u2019\u00eatre totalement \u2019ind\u00e9pendant?<\/strong><\/p>\n\n\n\n<p>Lorsque j\u2019ai commenc\u00e9 \u00e0 m\u2019int\u00e9resser \u00e0 ce statut, j\u2019avais effectivement envie de m\u2019installer en tant qu\u2019ind\u00e9pendant \u00e0 100%. Mais plus j\u2019y pensais, plus je me disais que je n\u2019y arriverais pas tout seul: j\u2019\u00e9tais certes tr\u00e8s motiv\u00e9, j\u2019avais des fonds propres et j\u2019avais d\u00e9cid\u00e9 de r\u00e9ussir, mais il me manquait le savoir-faire n\u00e9cessaire. Agir seul repr\u00e9sentait un trop grand risque pour moi. J\u2019avais besoin d\u2019un partenaire solide. En tant que franchis\u00e9 soutenu par Valora, j\u2019ai r\u00e9ussi \u00e0 d\u00e9velopper une activit\u00e9 florissante.<\/p>\n\n\n\n<p><strong>Pourquoi avez-vous opt\u00e9 pour la franchise du format Valora BackWerk?<\/strong><\/p>\n\n\n\n<p>J\u2019ai aim\u00e9 le concept de boulangerie self-service. De plus, les produits sont de grande qualit\u00e9 et leur prix est raisonnable. J\u2019\u00e9tais s\u00fbr d\u2019obtenir un bon rendement. D\u00e8s le d\u00e9part, je me suis senti chez Valora comme un partenaire \u00e0 part enti\u00e8re, car on y parle d\u2019\u00e9gal \u00e0 \u00e9gal.<\/p>\n\n\n\n<p><strong>Qu\u2019est-ce qui vous a plu dans la formation de franchis\u00e9 BackWerk?<\/strong><\/p>\n\n\n\n<p>Que les connaissances th\u00e9oriques soient appliqu\u00e9es directement dans le magasin avec de vrais produits et de vrais clients. Cela m\u2019a donn\u00e9 la certitude d\u2019y arriver \u00abdans la vraie vie\u00bb. Les formations sur les prescriptions administratives ont \u00e9galement \u00e9t\u00e9 extr\u00eamement pr\u00e9cieuses. Vous n\u2019avez pas id\u00e9e du nombre de prescriptions qui existent! Je n\u2019aurais jamais pu me d\u00e9brouiller seul dans cette jungle. Au cours de la formation, nous avons appris quels formulaires remplir et quand, et ce, dans un allemand compr\u00e9hensible. L\u2019allemand administratif peut \u00eatre assez difficile&#8230;<\/p>\n\n\n\n<p><strong>Comment d\u00e9cririez-vous votre relation avec Valora?<\/strong><\/p>\n\n\n\n<p>Comme un vrai partenariat. Les deux partenaires ont une responsabilit\u00e9, un r\u00f4le \u00e0 remplir. Le mien consiste \u00e0 diriger une succursale BackWerk performante avec des clients satisfaits, conform\u00e9ment aux processus prescrits. Valora me fournit l\u2019outil n\u00e9cessaire \u00e0 cet effet: des produits performants et rentables, un syst\u00e8me de caisse de premier ordre, des sites haut de gamme ou du mat\u00e9riel publicitaire de grande qualit\u00e9.<\/p>\n\n\n\n<p><strong>Avez-vous le sentiment que ce partenariat existe toujours pendant la pand\u00e9mie de COVID-19?<\/strong><\/p>\n\n\n\n<p>Oui, le soutien est fantastique. Je me souviens encore tr\u00e8s bien, par exemple, de l\u2019\u00e9poque o\u00f9 il y avait une p\u00e9nurie de plexiglas. On n\u2019en trouvait plus. Comme le papier toilette et les p\u00e2tes. (Rires) Valora s\u2019est charg\u00e9e d\u2019acheter les parois en plexiglas et les a livr\u00e9es et install\u00e9es. Il en a \u00e9t\u00e9 de m\u00eame pour les stations de d\u00e9sinfection ou les panneaux informant du port du masque obligatoire et du nombre de personnes autoris\u00e9es dans les magasins.<\/p>\n<\/div><\/details><\/div>\n<\/div>\n\n\n\n<hr class=\"wp-block-separator has-text-color has-background has-cyan-bluish-gray-background-color has-cyan-bluish-gray-color is-style-wide\"\/>\n\n\n\n<p>Learning by doing: c\u2019est le principe de base de la formation du format Brezelk\u00f6nig de Valora Food Service Suisse \u00e0 Emmenbr\u00fccke. Contrairement \u00e0 BackWerk, les formations sont toutefois individuelles, adapt\u00e9es aux connaissances pr\u00e9alables et aux besoins des futurs partenaires d\u2019agence. Rien d\u2019\u00e9tonnant \u00e0 cela: la surface de vente, la gamme et le nombre de magasins (environ 60) sont inf\u00e9rieurs. De plus, seules quatre \u00e0 cinq personnes sont form\u00e9es chaque ann\u00e9e. Il s\u2019agit pour la plupart d\u2019anciens collaborateurs dot\u00e9s d\u2019une habilet\u00e9 particuli\u00e8re et qui font preuve d\u2019engagement et d\u2019ambition. \u00abIls savent comment fonctionne le magasin, connaissent les recettes et les processus de cuisson\u00bb, explique Thomas Schaffer, directeur des ventes. \u00abCeux qui travaillent depuis longtemps chez Brezelk\u00f6nig peuvent reprendre un magasin en quelques semaines.\u00bb<\/p>\n\n\n\n<h2 class=\"wp-block-heading\" id=\"cours-individuel-pour-les-agences-partenaires-de-brezelkonig\">Cours individuel pour les agences partenaires de Brezelk\u00f6nig<\/h2>\n\n\n\n<p>\u00c0 l\u2019exception de quelques formations centralis\u00e9es, les partenaires b\u00e9n\u00e9ficient d\u2019une formation et d\u2019un perfectionnement en direct dispens\u00e9s par les directeurs des ventes. \u00abApprendre en permanence et s\u2019am\u00e9liorer\u00bb, explique-t-il. Le plus grand d\u00e9fi est la gestion du personnel: il faut avoir un sens aigu des relations humaines et faire figure de mod\u00e8le. Et il faut souvent faire un effort sur soi-m\u00eame, c\u2019est-\u00e0-dire: \u00abFaire confiance aux collaborateurs et leur transf\u00e9rer des comp\u00e9tences. Car personne ne peut \u00eatre l\u00e0 24 heures sur 24.\u00bb<\/p>\n\n\n\n<figure class=\"wp-block-gallery has-nested-images columns-default is-cropped content-image-slider duo-slider wp-block-gallery-3 is-layout-flex wp-block-gallery-is-layout-flex\">\n<figure class=\"wp-block-image size-valorastories-image-slider\"><img loading=\"lazy\" decoding=\"async\" width=\"1200\" height=\"800\" data-id=\"12074\" src=\"http:\/\/stories.valora.com\/wp-content\/uploads\/2023\/09\/valora_bretzelkoenig_glatt052A1865-1-1200x800.jpg\" alt=\"\" class=\"wp-image-12074\" srcset=\"https:\/\/stories.valora.com\/wp-content\/uploads\/2023\/09\/valora_bretzelkoenig_glatt052A1865-1-1200x800.jpg 1200w, https:\/\/stories.valora.com\/wp-content\/uploads\/2023\/09\/valora_bretzelkoenig_glatt052A1865-1-420x280.jpg 420w, https:\/\/stories.valora.com\/wp-content\/uploads\/2023\/09\/valora_bretzelkoenig_glatt052A1865-1-1800x1200.jpg 1800w, https:\/\/stories.valora.com\/wp-content\/uploads\/2023\/09\/valora_bretzelkoenig_glatt052A1865-1-400x267.jpg 400w\" sizes=\"auto, (max-width: 706px) 89vw, (max-width: 767px) 82vw, 740px\" \/><\/figure>\n\n\n\n<figure class=\"wp-block-image size-valorastories-image-slider\"><img loading=\"lazy\" decoding=\"async\" width=\"1200\" height=\"800\" data-id=\"12071\" src=\"http:\/\/stories.valora.com\/wp-content\/uploads\/2023\/09\/valora_bretzelkoenig_glatt-1-1200x800.jpg\" alt=\"\" class=\"wp-image-12071\" srcset=\"https:\/\/stories.valora.com\/wp-content\/uploads\/2023\/09\/valora_bretzelkoenig_glatt-1-1200x800.jpg 1200w, https:\/\/stories.valora.com\/wp-content\/uploads\/2023\/09\/valora_bretzelkoenig_glatt-1-1600x1067.jpg 1600w, https:\/\/stories.valora.com\/wp-content\/uploads\/2023\/09\/valora_bretzelkoenig_glatt-1-420x280.jpg 420w, https:\/\/stories.valora.com\/wp-content\/uploads\/2023\/09\/valora_bretzelkoenig_glatt-1-768x512.jpg 768w, https:\/\/stories.valora.com\/wp-content\/uploads\/2023\/09\/valora_bretzelkoenig_glatt-1-1536x1024.jpg 1536w, https:\/\/stories.valora.com\/wp-content\/uploads\/2023\/09\/valora_bretzelkoenig_glatt-1-2048x1366.jpg 2048w, https:\/\/stories.valora.com\/wp-content\/uploads\/2023\/09\/valora_bretzelkoenig_glatt-1-1800x1200.jpg 1800w, https:\/\/stories.valora.com\/wp-content\/uploads\/2023\/09\/valora_bretzelkoenig_glatt-1-400x267.jpg 400w\" sizes=\"auto, (max-width: 706px) 89vw, (max-width: 767px) 82vw, 740px\" \/><\/figure>\n\n\n\n<figure class=\"wp-block-image size-valorastories-image-slider\"><img loading=\"lazy\" decoding=\"async\" width=\"1200\" height=\"800\" data-id=\"12080\" src=\"http:\/\/stories.valora.com\/wp-content\/uploads\/2023\/09\/valora_vegan052A4925-1200x800.jpg\" alt=\"Brezelk\u00f6nig Food Service Schweiz\" class=\"wp-image-12080\" srcset=\"https:\/\/stories.valora.com\/wp-content\/uploads\/2023\/09\/valora_vegan052A4925-1200x800.jpg 1200w, https:\/\/stories.valora.com\/wp-content\/uploads\/2023\/09\/valora_vegan052A4925-1600x1067.jpg 1600w, https:\/\/stories.valora.com\/wp-content\/uploads\/2023\/09\/valora_vegan052A4925-420x280.jpg 420w, https:\/\/stories.valora.com\/wp-content\/uploads\/2023\/09\/valora_vegan052A4925-768x512.jpg 768w, https:\/\/stories.valora.com\/wp-content\/uploads\/2023\/09\/valora_vegan052A4925-1536x1025.jpg 1536w, https:\/\/stories.valora.com\/wp-content\/uploads\/2023\/09\/valora_vegan052A4925-2048x1366.jpg 2048w, https:\/\/stories.valora.com\/wp-content\/uploads\/2023\/09\/valora_vegan052A4925-1800x1200.jpg 1800w, https:\/\/stories.valora.com\/wp-content\/uploads\/2023\/09\/valora_vegan052A4925-400x267.jpg 400w\" sizes=\"auto, (max-width: 706px) 89vw, (max-width: 767px) 82vw, 740px\" \/><\/figure>\n<\/figure>\n\n\n\n<p>Dans le cadre de la formation de BackWerk, la conduite du personnel occupe \u00e9galement une place pr\u00e9pond\u00e9rante. Elle est exerc\u00e9e \u00e0 l\u2019aide de jeux de r\u00f4les. \u00abChaque ind\u00e9pendant doit trouver sa propre mani\u00e8re de diriger son personnel. Mais il est important de faire preuve d\u2019estime avec ses collaborateurs\u00bb, explique Patrick Bartsch. En outre, prendre les choses en main et montrer l\u2019exemple contribue \u00e0 renforcer sa propre cr\u00e9dibilit\u00e9.<\/p>\n\n\n\n<h2 class=\"wp-block-heading\" id=\"egalement-present-pour-les-partenaires-en-cas-de-crise\">\u00c9galement pr\u00e9sent pour les partenaires en cas de crise<\/h2>\n\n\n\n<p>Que ce soit \u00e0 Essen ou \u00e0 Emmenbr\u00fccke: de nombreux futurs ind\u00e9pendants finissent un jour ou l\u2019autre par se poser des questions. Est-ce que je vais y arriver? Est-ce que je peux \u00eatre mon propre patron? Thomas Schaffer r\u00e9pond \u00e0 ces pr\u00e9occupations avec de solides arguments tels que le mod\u00e8le commercial \u00e9prouv\u00e9, les sites haut de gamme ou le soutien du directeur des ventes.<\/p>\n\n\n\n<p>Chez BackWerk, on se souvient des plus de 250 franchis\u00e9s en Allemagne qui g\u00e8rent souvent plusieurs boutiques avec succ\u00e8s. \u00abNous assurons d\u2019\u00eatre pr\u00e9sents, m\u00eame en cas de crise\u00bb, explique Patrick Bartsch. \u00abComme c\u2019est le cas actuellement avec la pand\u00e9mie de COVID-19, dans le cadre des relations avec les autorit\u00e9s, de l\u2019application de nouvelles prescriptions ou de l\u2019acquisition de mat\u00e9riel de s\u00e9curit\u00e9.\u00bb<\/p>\n\n\n\n<hr class=\"wp-block-separator has-text-color has-background has-cyan-bluish-gray-background-color has-cyan-bluish-gray-color\"\/>\n\n\n\n<p class=\"has-text-align-center\"> Cet article a \u00e9t\u00e9 publi\u00e9 pour la premi\u00e8re fois le 1 octobre 2021 et a \u00e9t\u00e9 mis \u00e0 jour le 23 f\u00e9vrier 2022. <\/p>\n\n\n\n<p class=\"has-text-align-center\"><em><sup><mark style=\"background-color:rgba(0, 0, 0, 0)\" class=\"has-inline-color has-cyan-bluish-gray-color\">Photos: No\u00eb Flum.<\/mark><\/sup><\/em><\/p>\n\n\n\n<div class=\"wp-block-coblocks-row coblocks-row-103115343799\" data-columns=\"1\" data-layout=\"100\"><div class=\"wp-block-coblocks-row__inner has-background has-padding has-large-padding has-no-margin is-stacked-on-mobile has-medium-gutter\" style=\"background-color:#e8eef7\">\n<div class=\"wp-block-coblocks-column coblocks-column-103115346253\" style=\"width:100%\"><div class=\"wp-block-coblocks-column__inner has-no-padding has-no-margin\">\n<h4 class=\"has-text-align-center margin-bottom-05 margin-top-0 wp-block-heading\" id=\"c-est-si-facile-de-partager\"><strong>C\u2019est si facile de partager<\/strong>:<\/h4>\n\n\n\n<p class=\"has-text-align-center\"><meta charset=\"utf-8\">Faites conna\u00eetre cette story \u00e0 vos amis et coll\u00e8gues!<\/p>\n\n\n\n<div style=\"height:20px\" aria-hidden=\"true\" class=\"wp-block-spacer\"><\/div>\n\n\n\n<ul class=\"wp-block-outermost-social-sharing has-icon-color has-icon-background-color is-style-default has-no-margin is-horizontal is-content-justification-center is-nowrap is-layout-flex wp-container-outermost-social-sharing-is-layout-1 wp-block-social-sharing-is-layout-flex\"><li style=\"color: #ffffff; background-color: #182c49; \" class=\"outermost-social-sharing-link outermost-social-sharing-link-facebook has-white-color wp-block-outermost-social-sharing-link\">\n\t<a href=\"https:\/\/www.facebook.com\/sharer\/sharer.php?u=https%3A%2F%2Fstories.valora.com%2Ffr%2Fpartenaires-franchise-et-agence%2F&#038;title=Ind%C3%A9pendants%20mais%20pas%20seuls%3A%20les%20partenaires%20de%20franchise%20et%20d%E2%80%99agence%20de%20Valora\" aria-label=\"Partager sur Facebook\" rel=\"noopener nofollow\" target=\"_blank\" class=\"wp-block-outermost-social-sharing-link-anchor\">\n\t\t<svg width=\"24\" height=\"24\" viewBox=\"0 0 24 24\" version=\"1.1\" xmlns=\"http:\/\/www.w3.org\/2000\/svg\" aria-hidden=\"true\" focusable=\"false\"><path d=\"M12 2C6.5 2 2 6.5 2 12c0 5 3.7 9.1 8.4 9.9v-7H7.9V12h2.5V9.8c0-2.5 1.5-3.9 3.8-3.9 1.1 0 2.2.2 2.2.2v2.5h-1.3c-1.2 0-1.6.8-1.6 1.6V12h2.8l-.4 2.9h-2.3v7C18.3 21.1 22 17 22 12c0-5.5-4.5-10-10-10z\"><\/path><\/svg>\t\t<span class=\"wp-block-outermost-social-sharing-link-label screen-reader-text\">\n\t\t\tPartager sur Facebook\t\t<\/span>\n\t<\/a>\n<\/li>\n\n\n<li style=\"color: #ffffff; background-color: #182c49; \" class=\"outermost-social-sharing-link outermost-social-sharing-link-x has-white-color wp-block-outermost-social-sharing-link\">\n\t<a href=\"https:\/\/x.com\/share?url=https%3A%2F%2Fstories.valora.com%2Ffr%2Fpartenaires-franchise-et-agence%2F&#038;text=Ind%C3%A9pendants%20mais%20pas%20seuls%3A%20les%20partenaires%20de%20franchise%20et%20d%E2%80%99agence%20de%20Valora\" aria-label=\"Envoyer cette page par e-mail\" rel=\"noopener nofollow\" target=\"_blank\" class=\"wp-block-outermost-social-sharing-link-anchor\">\n\t\t<svg width=\"24\" height=\"24\" viewBox=\"0 0 24 24\" version=\"1.1\" xmlns=\"http:\/\/www.w3.org\/2000\/svg\" aria-hidden=\"true\" focusable=\"false\"><path d=\"M13.982 10.622 20.54 3h-1.554l-5.693 6.618L8.745 3H3.5l6.876 10.007L3.5 21h1.554l6.012-6.989L15.868 21h5.245l-7.131-10.378Zm-2.128 2.474-.697-.997-5.543-7.93H8l4.474 6.4.697.996 5.815 8.318h-2.387l-4.745-6.787Z\"><\/path><\/svg>\t\t<span class=\"wp-block-outermost-social-sharing-link-label screen-reader-text\">\n\t\t\tEnvoyer cette page par e-mail\t\t<\/span>\n\t<\/a>\n<\/li>\n\n\n<li style=\"color: #ffffff; background-color: #182c49; \" class=\"outermost-social-sharing-link outermost-social-sharing-link-linkedin has-white-color wp-block-outermost-social-sharing-link\">\n\t<a href=\"https:\/\/www.linkedin.com\/shareArticle?mini=true&#038;url=https%3A%2F%2Fstories.valora.com%2Ffr%2Fpartenaires-franchise-et-agence%2F&#038;title=Ind%C3%A9pendants%20mais%20pas%20seuls%3A%20les%20partenaires%20de%20franchise%20et%20d%E2%80%99agence%20de%20Valora\" aria-label=\"Partager sur LinkedIn\" rel=\"noopener nofollow\" target=\"_blank\" class=\"wp-block-outermost-social-sharing-link-anchor\">\n\t\t<svg width=\"24\" height=\"24\" viewBox=\"0 0 24 24\" version=\"1.1\" xmlns=\"http:\/\/www.w3.org\/2000\/svg\" aria-hidden=\"true\" focusable=\"false\"><path d=\"M19.7,3H4.3C3.582,3,3,3.582,3,4.3v15.4C3,20.418,3.582,21,4.3,21h15.4c0.718,0,1.3-0.582,1.3-1.3V4.3 C21,3.582,20.418,3,19.7,3z M8.339,18.338H5.667v-8.59h2.672V18.338z M7.004,8.574c-0.857,0-1.549-0.694-1.549-1.548 c0-0.855,0.691-1.548,1.549-1.548c0.854,0,1.547,0.694,1.547,1.548C8.551,7.881,7.858,8.574,7.004,8.574z M18.339,18.338h-2.669 v-4.177c0-0.996-0.017-2.278-1.387-2.278c-1.389,0-1.601,1.086-1.601,2.206v4.249h-2.667v-8.59h2.559v1.174h0.037 c0.356-0.675,1.227-1.387,2.526-1.387c2.703,0,3.203,1.779,3.203,4.092V18.338z\"><\/path><\/svg>\t\t<span class=\"wp-block-outermost-social-sharing-link-label screen-reader-text\">\n\t\t\tPartager sur LinkedIn\t\t<\/span>\n\t<\/a>\n<\/li>\n\n\n<li style=\"color: #ffffff; background-color: #182c49; \" class=\"outermost-social-sharing-link outermost-social-sharing-link-pinterest has-white-color wp-block-outermost-social-sharing-link\">\n\t<a href=\"https:\/\/pinterest.com\/pin\/create\/button\/?&#038;url=https%3A%2F%2Fstories.valora.com%2Ffr%2Fpartenaires-franchise-et-agence%2F&#038;description=Ind%C3%A9pendants%20mais%20pas%20seuls%3A%20les%20partenaires%20de%20franchise%20et%20d%E2%80%99agence%20de%20Valora&#038;media=https%3A%2F%2Fstories.valora.com%2Fwp-content%2Fuploads%2F2022%2F02%2Fvalora_academy052A1238-1-1600x1067.jpg\" aria-label=\"Partager sur Pinterest\" rel=\"noopener nofollow\" target=\"_blank\" class=\"wp-block-outermost-social-sharing-link-anchor\">\n\t\t<svg width=\"24\" height=\"24\" viewBox=\"0 0 24 24\" version=\"1.1\" xmlns=\"http:\/\/www.w3.org\/2000\/svg\" aria-hidden=\"true\" focusable=\"false\"><path d=\"M12.289,2C6.617,2,3.606,5.648,3.606,9.622c0,1.846,1.025,4.146,2.666,4.878c0.25,0.111,0.381,0.063,0.439-0.169 c0.044-0.175,0.267-1.029,0.365-1.428c0.032-0.128,0.017-0.237-0.091-0.362C6.445,11.911,6.01,10.75,6.01,9.668 c0-2.777,2.194-5.464,5.933-5.464c3.23,0,5.49,2.108,5.49,5.122c0,3.407-1.794,5.768-4.13,5.768c-1.291,0-2.257-1.021-1.948-2.277 c0.372-1.495,1.089-3.112,1.089-4.191c0-0.967-0.542-1.775-1.663-1.775c-1.319,0-2.379,1.309-2.379,3.059 c0,1.115,0.394,1.869,0.394,1.869s-1.302,5.279-1.54,6.261c-0.405,1.666,0.053,4.368,0.094,4.604 c0.021,0.126,0.167,0.169,0.25,0.063c0.129-0.165,1.699-2.419,2.142-4.051c0.158-0.59,0.817-2.995,0.817-2.995 c0.43,0.784,1.681,1.446,3.013,1.446c3.963,0,6.822-3.494,6.822-7.833C20.394,5.112,16.849,2,12.289,2\"><\/path><\/svg>\t\t<span class=\"wp-block-outermost-social-sharing-link-label screen-reader-text\">\n\t\t\tPartager sur Pinterest\t\t<\/span>\n\t<\/a>\n<\/li>\n\n\n<li style=\"color: #ffffff; background-color: #182c49; \" class=\"outermost-social-sharing-link outermost-social-sharing-link-mail has-white-color wp-block-outermost-social-sharing-link\">\n\t<a href=\"mailto:?subject=Ind%C3%A9pendants%20mais%20pas%20seuls%3A%20les%20partenaires%20de%20franchise%20et%20d%E2%80%99agence%20de%20Valora&#038;body=Ind%C3%A9pendants%20mais%20pas%20seuls%3A%20les%20partenaires%20de%20franchise%20et%20d%E2%80%99agence%20de%20Valora%20&mdash;%20https%3A%2F%2Fstories.valora.com%2Ffr%2Fpartenaires-franchise-et-agence%2F\" aria-label=\"Envoyer cette page par e-mail\"  class=\"wp-block-outermost-social-sharing-link-anchor\">\n\t\t<svg width=\"24\" height=\"24\" viewBox=\"0 0 24 24\" version=\"1.1\" xmlns=\"http:\/\/www.w3.org\/2000\/svg\" aria-hidden=\"true\" focusable=\"false\"><path d=\"M20,4H4C2.895,4,2,4.895,2,6v12c0,1.105,0.895,2,2,2h16c1.105,0,2-0.895,2-2V6C22,4.895,21.105,4,20,4z M20,8.236l-8,4.882 L4,8.236V6h16V8.236z\"><\/path><\/svg>\t\t<span class=\"wp-block-outermost-social-sharing-link-label screen-reader-text\">\n\t\t\tEnvoyer cette page par e-mail\t\t<\/span>\n\t<\/a>\n<\/li>\n<\/ul>\n<\/div><\/div>\n<\/div><\/div>\n","protected":false},"excerpt":{"rendered":"<p>Valora forme ses franchis\u00e9s et partenaires d\u2019agence pour qu\u2019ils deviennent des hommes d\u2019affaires autonomes et performants.<\/p>\n","protected":false},"author":1,"featured_media":14152,"comment_status":"closed","ping_status":"open","sticky":false,"template":"","format":"standard","meta":{"_coblocks_attr":"","_coblocks_dimensions":"","_coblocks_responsive_height":"","_coblocks_accordion_ie_support":"","footnotes":""},"categories":[384],"tags":[6307,6309,6310,6311,5565,6308,6306,6334],"class_list":["post-12123","post","type-post","status-publish","format-standard","has-post-thumbnail","hentry","category-travailler-avec-valora","tag-agence","tag-backwerk-3","tag-brezelkonig-2","tag-ditsch-3","tag-durabilite","tag-fomration","tag-franchise-3","tag-the-annual-report-selection-2021-fr"],"pbg_featured_image_src":{"full":["https:\/\/stories.valora.com\/wp-content\/uploads\/2022\/02\/valora_academy052A1238-1-scaled.jpg",2560,1708,false],"thumbnail":["https:\/\/stories.valora.com\/wp-content\/uploads\/2022\/02\/valora_academy052A1238-1-420x280.jpg",420,280,true],"medium":["https:\/\/stories.valora.com\/wp-content\/uploads\/2022\/02\/valora_academy052A1238-1-1200x800.jpg",1200,800,true],"medium_large":["https:\/\/stories.valora.com\/wp-content\/uploads\/2022\/02\/valora_academy052A1238-1-768x512.jpg",768,512,true],"large":["https:\/\/stories.valora.com\/wp-content\/uploads\/2022\/02\/valora_academy052A1238-1-1600x1067.jpg",1600,1067,true],"1536x1536":["https:\/\/stories.valora.com\/wp-content\/uploads\/2022\/02\/valora_academy052A1238-1-1536x1025.jpg",1536,1025,true],"2048x2048":["https:\/\/stories.valora.com\/wp-content\/uploads\/2022\/02\/valora_academy052A1238-1-2048x1366.jpg",2048,1366,true],"valorastories-image":["https:\/\/stories.valora.com\/wp-content\/uploads\/2022\/02\/valora_academy052A1238-1-800x800.jpg",800,800,true],"valorastories-image-slider":["https:\/\/stories.valora.com\/wp-content\/uploads\/2022\/02\/valora_academy052A1238-1-1200x800.jpg",1200,800,true],"valorastories-image-zoomed":["https:\/\/stories.valora.com\/wp-content\/uploads\/2022\/02\/valora_academy052A1238-1-1800x1200.jpg",1800,1200,true],"valorastories-image-big":["https:\/\/stories.valora.com\/wp-content\/uploads\/2022\/02\/valora_academy052A1238-1-2560x1440.jpg",2560,1440,true],"twentyseventeen-featured-image":["https:\/\/stories.valora.com\/wp-content\/uploads\/2022\/02\/valora_academy052A1238-1-2000x1200.jpg",2000,1200,true],"twentyseventeen-thumbnail-avatar":["https:\/\/stories.valora.com\/wp-content\/uploads\/2022\/02\/valora_academy052A1238-1-100x100.jpg",100,100,true],"rp4wp-thumbnail-post":["https:\/\/stories.valora.com\/wp-content\/uploads\/2022\/02\/valora_academy052A1238-1-400x267.jpg",400,267,true]},"pbg_author_info":{"display_name":"Valora Stories","author_link":"https:\/\/stories.valora.com\/fr\/author\/stories-valora\/","author_img":"<img alt='Valora Stories' src='https:\/\/secure.gravatar.com\/avatar\/4c7dcea5f2af7c4afaf9da5eb51a7c9d?s=128&#038;d=mm&#038;r=g' srcset='https:\/\/secure.gravatar.com\/avatar\/4c7dcea5f2af7c4afaf9da5eb51a7c9d?s=256&#038;d=mm&#038;r=g 2x' class='avatar avatar-128 photo' height='128' width='128' loading='lazy' decoding='async'\/>"},"pbg_comment_info":" No Comments","pbg_excerpt":"Valora forme ses franchis\u00e9s et partenaires d\u2019agence pour qu\u2019ils deviennent des hommes d\u2019affaires autonomes et performants.","_links":{"self":[{"href":"https:\/\/stories.valora.com\/fr\/wp-json\/wp\/v2\/posts\/12123","targetHints":{"allow":["GET"]}}],"collection":[{"href":"https:\/\/stories.valora.com\/fr\/wp-json\/wp\/v2\/posts"}],"about":[{"href":"https:\/\/stories.valora.com\/fr\/wp-json\/wp\/v2\/types\/post"}],"author":[{"embeddable":true,"href":"https:\/\/stories.valora.com\/fr\/wp-json\/wp\/v2\/users\/1"}],"replies":[{"embeddable":true,"href":"https:\/\/stories.valora.com\/fr\/wp-json\/wp\/v2\/comments?post=12123"}],"version-history":[{"count":20,"href":"https:\/\/stories.valora.com\/fr\/wp-json\/wp\/v2\/posts\/12123\/revisions"}],"predecessor-version":[{"id":14651,"href":"https:\/\/stories.valora.com\/fr\/wp-json\/wp\/v2\/posts\/12123\/revisions\/14651"}],"wp:featuredmedia":[{"embeddable":true,"href":"https:\/\/stories.valora.com\/fr\/wp-json\/wp\/v2\/media\/14152"}],"wp:attachment":[{"href":"https:\/\/stories.valora.com\/fr\/wp-json\/wp\/v2\/media?parent=12123"}],"wp:term":[{"taxonomy":"category","embeddable":true,"href":"https:\/\/stories.valora.com\/fr\/wp-json\/wp\/v2\/categories?post=12123"},{"taxonomy":"post_tag","embeddable":true,"href":"https:\/\/stories.valora.com\/fr\/wp-json\/wp\/v2\/tags?post=12123"}],"curies":[{"name":"wp","href":"https:\/\/api.w.org\/{rel}","templated":true}]}}