{"id":4175,"date":"2020-02-19T06:02:00","date_gmt":"2020-02-19T05:02:00","guid":{"rendered":"http:\/\/stories.valora.com\/?p=4175"},"modified":"2020-02-19T14:19:14","modified_gmt":"2020-02-19T13:19:14","slug":"ditsch-stands-for-pretzels-thats-it","status":"publish","type":"post","link":"https:\/\/stories.valora.com\/de\/ditsch-stands-for-pretzels-thats-it\/","title":{"rendered":"\u00abDitsch steht f\u00fcr Lauge. Punkt.\u00bb"},"content":{"rendered":"\n<p><strong>Dank der traditionsreichen Brezelb\u00e4ckerei Ditsch hat sich Valora weltweit zu einer f\u00fchrenden Produzentin von Laugenbackwaren entwickelt. Ditsch Gesch\u00e4ftsf\u00fchrer Seb Gooding \u00fcber das 100-Jahr-Jubil\u00e4um, den wachsenden B2B-Markt und die Zukunft des Brezel-Business.<\/strong><\/p>\n\n\n\n<hr class=\"wp-block-separator is-style-wide\"\/>\n\n\n\n<div class=\"wp-block-image mt-0\"><figure class=\"alignright size-large\"><img loading=\"lazy\" decoding=\"async\" width=\"1600\" height=\"1067\" src=\"http:\/\/stories.valora.com\/wp-content\/uploads\/2020\/02\/Potr\u00e4t_Sebastian-Gooding-1600x1067.jpg\" alt=\"\" class=\"wp-image-5157\" srcset=\"https:\/\/stories.valora.com\/wp-content\/uploads\/2020\/02\/Potr\u00e4t_Sebastian-Gooding-1600x1067.jpg 1600w, https:\/\/stories.valora.com\/wp-content\/uploads\/2020\/02\/Potr\u00e4t_Sebastian-Gooding-1200x800.jpg 1200w, https:\/\/stories.valora.com\/wp-content\/uploads\/2020\/02\/Potr\u00e4t_Sebastian-Gooding-900x600.jpg 900w, https:\/\/stories.valora.com\/wp-content\/uploads\/2020\/02\/Potr\u00e4t_Sebastian-Gooding-768x512.jpg 768w, https:\/\/stories.valora.com\/wp-content\/uploads\/2020\/02\/Potr\u00e4t_Sebastian-Gooding-1536x1024.jpg 1536w, https:\/\/stories.valora.com\/wp-content\/uploads\/2020\/02\/Potr\u00e4t_Sebastian-Gooding-2048x1365.jpg 2048w, https:\/\/stories.valora.com\/wp-content\/uploads\/2020\/02\/Potr\u00e4t_Sebastian-Gooding-1800x1200.jpg 1800w, https:\/\/stories.valora.com\/wp-content\/uploads\/2020\/02\/Potr\u00e4t_Sebastian-Gooding-400x267.jpg 400w\" sizes=\"auto, (max-width: 706px) 89vw, (max-width: 767px) 82vw, 740px\" \/><\/figure><\/div>\n\n\n\n<p><strong>Wann hast du das erste Mal eine Brezel gegessen?<\/strong><br><br>An die erste Brezel kann ich mich nicht mehr erinnern, aber an mein erstes Laugenbr\u00f6tchen. Das war, als ich als kleiner Junge auf dem K\u00f6lner Karneval war.<br><\/p>\n\n\n\n<p><strong>Nun bist du seit Januar 2019 Chef von \u00fcber 750 Ditsch Mitarbeitenden, die f\u00fcr die Produktion und den Vertrieb mehr als 700 Millionen Produkte sorgen. Wie hast du dich in diesem traditionsreichen Unternehmen eingelebt?<\/strong><br><br> Die Arbeit macht mir grossen Spass. Wir lachen und streiten und setzen viel gemeinsam um. Das passt zu mir. Ich bin beeindruckt, wie stolz die Mitarbeitenden auf die lange Geschichte des Unternehmens sind. Gleichwohl denken sie zukunftsgerichtet. Sie verstehen die Marktposition von Ditsch genau und arbeiten mit Herzblut daran, diese gemeinsam weiter zu st\u00e4rken. Ich w\u00fcrde in keiner anderen Firma arbeiten wollen. <\/p>\n\n\n\n<p><strong> Wie hat sich Ditsch in den 100 Jahren entwickelt?<\/strong><br><br> Die Firma hat \u00fcber mehrere Generationen eine bewegte Geschichte hinter sich. Im Zweiten Weltkrieg wurden die Backstuben in Mainz zum Teil zerst\u00f6rt und mussten in Eigenarbeit wieder aufgebaut werden. Sp\u00e4ter war Ditsch eine Feinb\u00e4ckerei, die neben Brezeln auch Brot, Kuchen und andere Backwaren verkaufte. Ab den 1960\/70er Jahren wurden dann nur noch Brezeln und Laugengeb\u00e4ck verkauft. Diese Spezialisierung war von der Marge her interessanter und in Mainz gab es damals ein \u00dcberangebot an kleinen B\u00e4ckereien. Bedeutend war auch 1972 der erste Brezelstand am Mainzer Hauptbahnhof. Dieser wurde noch morgens auf- und abends abgebaut, versorgte aber bereits damals eilige Zugreisende mit Proviant. Einschneidend war auch der erste Brezelofen, dank dem ab den 1980er Jahre vor Ort tiefgefrorene Teiglinge aufgebacken werden konnten. In einem Punkt ist sich die Brezelb\u00e4ckerei Ditsch aber 100 Jahr lange treu geblieben: Der Freude, gemeinsam gute Laugenbackwaren zu produzieren und zu verkaufen. Der Eintrag im Handelsregister der Stadt Mainz lautete bereits im Jahr 1919: \u00abB\u00e4ckerei f\u00fcr Brezel und Laugengeb\u00e4ck\u00bb. <\/p>\n\n\n\n<p><strong>Und wof\u00fcr steht denn Ditsch heute?<\/strong><br><br>Wie schon 1919: Ditsch steht f\u00fcr Lauge. Punkt.<\/p>\n\n\n\n<h3 class=\"wp-block-heading\"><strong>DIE ERFOLGSGESCHICHTE<\/strong><\/h3>\n\n\n\n<figure class=\"wp-block-gallery columns-3 is-cropped content-image-slider wp-block-gallery-1 is-layout-flex wp-block-gallery-is-layout-flex\"><ul class=\"blocks-gallery-grid\"><li class=\"blocks-gallery-item\"><figure><img loading=\"lazy\" decoding=\"async\" width=\"1600\" height=\"1031\" src=\"http:\/\/stories.valora.com\/wp-content\/uploads\/2019\/09\/1919-1929-1.jpg\" alt=\"\" data-id=\"4155\" data-link=\"http:\/\/stories.valora.com1919-1929\/\" class=\"wp-image-4155\" srcset=\"https:\/\/stories.valora.com\/wp-content\/uploads\/2019\/09\/1919-1929-1.jpg 1600w, https:\/\/stories.valora.com\/wp-content\/uploads\/2019\/09\/1919-1929-1-1200x773.jpg 1200w, https:\/\/stories.valora.com\/wp-content\/uploads\/2019\/09\/1919-1929-1-768x495.jpg 768w, https:\/\/stories.valora.com\/wp-content\/uploads\/2019\/09\/1919-1929-1-1536x990.jpg 1536w\" sizes=\"auto, (max-width: 706px) 89vw, (max-width: 767px) 82vw, 740px\" \/><figcaption class=\"blocks-gallery-item__caption\"><strong>1919-1929<br>MIT WILHELM DITSCH FING ALLES AN<\/strong><br>Er begr\u00fcndete die 100-j\u00e4hrige Ditsch Tradition: Wilhelm Ditsch l\u00e4sst 1919 seine \u201eB\u00e4ckerei f\u00fcr Brezel und Laugengeb\u00e4ck\u201c im Handelsregister Mainz eintragen.<\/figcaption><\/figure><\/li><li class=\"blocks-gallery-item\"><figure><img loading=\"lazy\" decoding=\"async\" width=\"1600\" height=\"1031\" src=\"http:\/\/stories.valora.com\/wp-content\/uploads\/2019\/09\/1929-1939-1.jpg\" alt=\"\" data-id=\"4140\" data-link=\"http:\/\/stories.valora.com1929-1939\/\" class=\"wp-image-4140\" srcset=\"https:\/\/stories.valora.com\/wp-content\/uploads\/2019\/09\/1929-1939-1.jpg 1600w, https:\/\/stories.valora.com\/wp-content\/uploads\/2019\/09\/1929-1939-1-1200x773.jpg 1200w, https:\/\/stories.valora.com\/wp-content\/uploads\/2019\/09\/1929-1939-1-768x495.jpg 768w, https:\/\/stories.valora.com\/wp-content\/uploads\/2019\/09\/1929-1939-1-1536x990.jpg 1536w\" sizes=\"auto, (max-width: 706px) 89vw, (max-width: 767px) 82vw, 740px\" \/><figcaption class=\"blocks-gallery-item__caption\"><strong>1929 &#8211; 1939<br>AUS DEM OFEN AUF DIE KIRMES<\/strong><br>Dem Erwerb einer Backstube ohne Verkaufsraum in Mainz folgt eine erste amtliche Genehmigung zum Brezelbacken an zwei Sonntagen zur Belieferung von Volksfesten.<\/figcaption><\/figure><\/li><li class=\"blocks-gallery-item\"><figure><img loading=\"lazy\" decoding=\"async\" width=\"1600\" height=\"1031\" src=\"http:\/\/stories.valora.com\/wp-content\/uploads\/2019\/09\/1939-1949-1.jpg\" alt=\"\" data-id=\"4137\" data-link=\"http:\/\/stories.valora.com1939-1949\/\" class=\"wp-image-4137\" srcset=\"https:\/\/stories.valora.com\/wp-content\/uploads\/2019\/09\/1939-1949-1.jpg 1600w, https:\/\/stories.valora.com\/wp-content\/uploads\/2019\/09\/1939-1949-1-1200x773.jpg 1200w, https:\/\/stories.valora.com\/wp-content\/uploads\/2019\/09\/1939-1949-1-768x495.jpg 768w, https:\/\/stories.valora.com\/wp-content\/uploads\/2019\/09\/1939-1949-1-1536x990.jpg 1536w\" sizes=\"auto, (max-width: 706px) 89vw, (max-width: 767px) 82vw, 740px\" \/><figcaption class=\"blocks-gallery-item__caption\"><strong>1939 &#8211; 1949<br>NEUE BACKSTUBE, NEUES BREZELGL\u00dcCK<\/strong><br>Aus der Kriegsgefangenschaft zur\u00fcckgekehrt, machen sich Vater Wilhelm und Sohn Heinz in Eigenarbeit daran, die Backstube in der Kapuzinerstra\u00dfe in Mainz neu aufzubauen.<\/figcaption><\/figure><\/li><li class=\"blocks-gallery-item\"><figure><img loading=\"lazy\" decoding=\"async\" width=\"1600\" height=\"1031\" src=\"http:\/\/stories.valora.com\/wp-content\/uploads\/2019\/09\/1949-1959-1.jpg\" alt=\"\" data-id=\"4143\" data-link=\"http:\/\/stories.valora.com1949-1959\/\" class=\"wp-image-4143\" srcset=\"https:\/\/stories.valora.com\/wp-content\/uploads\/2019\/09\/1949-1959-1.jpg 1600w, https:\/\/stories.valora.com\/wp-content\/uploads\/2019\/09\/1949-1959-1-1200x773.jpg 1200w, https:\/\/stories.valora.com\/wp-content\/uploads\/2019\/09\/1949-1959-1-768x495.jpg 768w, https:\/\/stories.valora.com\/wp-content\/uploads\/2019\/09\/1949-1959-1-1536x990.jpg 1536w\" sizes=\"auto, (max-width: 706px) 89vw, (max-width: 767px) 82vw, 740px\" \/><figcaption class=\"blocks-gallery-item__caption\"><strong>1949 \u2013 1959<br>HEINZ DITSCH UND DIE BREZELM\u00c4NNER<\/strong><br>Wilhelm Ditsch \u00fcbergibt 1952 die B\u00e4ckerei an seinen Sohn Heinz. Mit ihm kommen die ersten \u201eBrezelm\u00e4nner\u201c, die aus K\u00f6rben frische Brezeln in Mainzer Gastst\u00e4tten und auf Volksfesten verkaufen.<\/figcaption><\/figure><\/li><li class=\"blocks-gallery-item\"><figure><img loading=\"lazy\" decoding=\"async\" width=\"1600\" height=\"1031\" src=\"http:\/\/stories.valora.com\/wp-content\/uploads\/2019\/09\/1959-1969-1.jpg\" alt=\"\" data-id=\"4146\" data-link=\"http:\/\/stories.valora.com1959-1969\/\" class=\"wp-image-4146\" srcset=\"https:\/\/stories.valora.com\/wp-content\/uploads\/2019\/09\/1959-1969-1.jpg 1600w, https:\/\/stories.valora.com\/wp-content\/uploads\/2019\/09\/1959-1969-1-1200x773.jpg 1200w, https:\/\/stories.valora.com\/wp-content\/uploads\/2019\/09\/1959-1969-1-768x495.jpg 768w, https:\/\/stories.valora.com\/wp-content\/uploads\/2019\/09\/1959-1969-1-1536x990.jpg 1536w\" sizes=\"auto, (max-width: 706px) 89vw, (max-width: 767px) 82vw, 740px\" \/><figcaption class=\"blocks-gallery-item__caption\"><strong>1959 \u2013 1969<br>UNTERNEHMENSWACHSTUM PERFEKT EINGET\u00dcTET<\/strong><br>Unter Heinz Ditsch expandiert das Familienunternehmen und spezialisiert sich auf Laugenbrezeln und Salzsticks als Dauergeb\u00e4ck n Zellophant\u00fcten. Ein voller Erfolg bei der Gastronomie und auf Volksfesten.<\/figcaption><\/figure><\/li><li class=\"blocks-gallery-item\"><figure><img loading=\"lazy\" decoding=\"async\" width=\"1600\" height=\"1031\" src=\"http:\/\/stories.valora.com\/wp-content\/uploads\/2019\/09\/1969-1979-1.jpg\" alt=\"\" data-id=\"4149\" data-link=\"http:\/\/stories.valora.com1969-1979\/\" class=\"wp-image-4149\" srcset=\"https:\/\/stories.valora.com\/wp-content\/uploads\/2019\/09\/1969-1979-1.jpg 1600w, https:\/\/stories.valora.com\/wp-content\/uploads\/2019\/09\/1969-1979-1-1200x773.jpg 1200w, https:\/\/stories.valora.com\/wp-content\/uploads\/2019\/09\/1969-1979-1-768x495.jpg 768w, https:\/\/stories.valora.com\/wp-content\/uploads\/2019\/09\/1969-1979-1-1536x990.jpg 1536w\" sizes=\"auto, (max-width: 706px) 89vw, (max-width: 767px) 82vw, 740px\" \/><figcaption class=\"blocks-gallery-item__caption\"><strong>1969 \u2013 1979<br>AUS LIEBE ZUR BREZEL: PETER DITSCH<\/strong><br>Peter Ditsch tritt 1975 als Mitarbeiter in den elterlichen Betrieb ein und \u00fcbernimmt bald die Organisation des Verkaufs. Die ersten fahrbaren Brezelst\u00e4nde, die am Abend wieder abgeholt werden, gehen auf seine Initiative zur\u00fcck.<\/figcaption><\/figure><\/li><li class=\"blocks-gallery-item\"><figure><img loading=\"lazy\" decoding=\"async\" width=\"1600\" height=\"1031\" src=\"http:\/\/stories.valora.com\/wp-content\/uploads\/2019\/09\/1979-1989-1.jpg\" alt=\"\" data-id=\"4152\" data-link=\"http:\/\/stories.valora.com1979-1989\/\" class=\"wp-image-4152\" srcset=\"https:\/\/stories.valora.com\/wp-content\/uploads\/2019\/09\/1979-1989-1.jpg 1600w, https:\/\/stories.valora.com\/wp-content\/uploads\/2019\/09\/1979-1989-1-1200x773.jpg 1200w, https:\/\/stories.valora.com\/wp-content\/uploads\/2019\/09\/1979-1989-1-768x495.jpg 768w, https:\/\/stories.valora.com\/wp-content\/uploads\/2019\/09\/1979-1989-1-1536x990.jpg 1536w\" sizes=\"auto, (max-width: 706px) 89vw, (max-width: 767px) 82vw, 740px\" \/><figcaption class=\"blocks-gallery-item__caption\"><strong>1979 \u2013 1989<br>DITSCH BREZELOFEN \u2013 HEISSE INNOVATION<\/strong><br>Als Peter Ditsch auf einer Fachmesse diesen Ofen sieht, wei\u00df er sofort: Damit gibt\u2019s immer und \u00fcberall frische, warme Brezeln. Das erste station\u00e4ren Brezelh\u00e4uschen. Innovationen sind schon immer ein wesentlicher Faktor f\u00fcr den Ditsch-Erfolg.<\/figcaption><\/figure><\/li><li class=\"blocks-gallery-item\"><figure><img decoding=\"async\" src=\"http:\/\/stories.valora.com\/wp-content\/uploads\/2019\/09\/1989-1999.jpg\" alt=\"\" data-id=\"4123\" data-link=\"http:\/\/stories.valora.com?attachment_id=4123\" class=\"wp-image-4123\"><figcaption class=\"blocks-gallery-item__caption\"><strong>1989 \u2013 1999<br>BACKTRADITION UNTER NEUER ADRESSE<\/strong><br>Umzug innerhalb von Mainz-Hechtsheim: Der neue Unternehmenssitz hat eine Produktionshalle und zwei getrennte Produktionslinien, ein Verwaltungsgeb\u00e4ude, ein Tiefk\u00fchl-Hochregal-Lager sowie eine Versandhalle.<\/figcaption><\/figure><\/li><li class=\"blocks-gallery-item\"><figure><img decoding=\"async\" src=\"http:\/\/stories.valora.com\/wp-content\/uploads\/2019\/09\/1999-2009.jpg\" alt=\"\" data-id=\"4126\" data-link=\"http:\/\/stories.valora.com?attachment_id=4126\" class=\"wp-image-4126\"><figcaption class=\"blocks-gallery-item__caption\"><strong>1999 \u2013 2009<br>SCH\u00d6NE AUSSICHTEN IN ORANIENBAUM<\/strong><br>Einweihung des neuen Ditsch Werkes mit 7.700 m\u00b2 Produktionsfl\u00e4che in Oranienbaum als zweite Produktionsst\u00e4tte. Ditsch \u00fcbernimmt 2012 die in der Schweiz gegr\u00fcndete Brezelk\u00f6nig AG und baut das Schweizer Verkaufsstellennetz in den kommenden drei Jahren von f\u00fcnf auf rund 30 Standorte aus.<\/figcaption><\/figure><\/li><li class=\"blocks-gallery-item\"><figure><img loading=\"lazy\" decoding=\"async\" width=\"846\" height=\"460\" src=\"http:\/\/stories.valora.com\/wp-content\/uploads\/2019\/09\/Ditsch.png\" alt=\"\" data-id=\"4221\" data-link=\"http:\/\/stories.valora.com\/?attachment_id=4221\" class=\"wp-image-4221\" srcset=\"https:\/\/stories.valora.com\/wp-content\/uploads\/2019\/09\/Ditsch.png 846w, https:\/\/stories.valora.com\/wp-content\/uploads\/2019\/09\/Ditsch-800x435.png 800w, https:\/\/stories.valora.com\/wp-content\/uploads\/2019\/09\/Ditsch-768x418.png 768w\" sizes=\"auto, (max-width: 706px) 89vw, (max-width: 767px) 82vw, 740px\" \/><figcaption class=\"blocks-gallery-item__caption\"> <strong>2009 \u2013 2019<br>VERR\u00dcCKT NACH \u00abPRETZEL\u00bb<\/strong><br>Die  Brezelb\u00e4ckerei Ditsch wird 2012 als starke Marke Teil der international  t\u00e4tigen Valora Gruppe aus der Schweiz mit Peter Ditsch als  Ankeraktion\u00e4r. Die Valora kauft 2017 den in Cincinnati, Ohio, ans\u00e4ssigen  Laugengeb\u00e4ck-Hersteller Pretzel Baron. Pretzel Baron wird in Ditsch  USA. <\/figcaption><\/figure><\/li><\/ul><\/figure>\n\n\n\n<p><strong>Wie  erkl\u00e4rst du die ungebrochene Nachfrage nach Laugenprodukten?<\/strong><br><br>Im globalen Backwarenmarkt nehmen Laugenprodukte mit einem Anteil von 0,5   Prozent lediglich eine Nische ein. Aber Laugenprodukte haben sich nicht nur in Deutschland, sondern in der EU und auch den USA zu einer beliebten Alternative zu S\u00fcssgeb\u00e4ck entwickelt. Die Brezel ist einfach ein sehr leckeres Produkt, welches in Kombination mit Wurst oder K\u00e4se mehr als nur ein Imbiss f\u00fcr Zwischendurch ist.<\/p>\n\n\n\n<p><strong>Welche  Rolle spielt Ditsch in der Valora Gruppe, zu welcher die Brezelb\u00e4ckerei seit  2012 geh\u00f6rt?<\/strong><br><br>Ditsch passt genau zu Valora. Die zunehmende Mobilit\u00e4t der Bev\u00f6lkerung und der damit verbundene Trend zu Ausserhaus-Verzehr und Snacking definieren auch unser Gesch\u00e4ft, und auch wir operieren an Hochfrequenzlagen. Ich sage immer: Ditsch ist der Bassist in der Valora Band: Ruhig, stark und verl\u00e4sslich. Andere Marken sind in der Produktentwicklung vielleicht vielf\u00e4ltiger. Bei uns weiss man, was man bekommt. Das gilt sowohl f\u00fcr den B2C- als auch den B2B-Markt.<\/p>\n\n\n\n<p><strong>Neben den 200 Verkaufsstellen an Bahnh\u00f6fen in Deutschland, hat sich die B2B-Produktion zu einer strategisch enorm wichtigen S\u00e4ule f\u00fcr Valora entwickelt.<\/strong><br><br> In der Tat. Wir beliefern neben dem B2C-Markt mit den Ditsch Filialen in Deutschland die Valora Food-Service-Formate Brezelk\u00f6nig und BackWerk sowie die Retail-Formate ServiceStore DB, U Store und avec. Neben dieser integrierten Wertsch\u00f6pfung beliefern wir seit 1998 erfolgreich Grossverbraucher wie B\u00e4ckereien oder Hotels in Deutschland und exportieren unsere Produkte mittlerweile in 30 L\u00e4nder \u2013 nach ganz Europa und \u00dcbersee \u2013 wie etwa nach Japan, China, Israel, Kanada oder Australien. Und im amerikanischen Cincinnati sind wir seit 2017 mit Pretzel Baron, der heutigen Ditsch USA, mit der Produktion pr\u00e4sent. <\/p>\n\n\n\n<p><strong>Die Nachfrage nach Laugenprodukten ist so gross, dass die Produktionslinien in Mainz, Oranienbaum (Deutschland), Emmenbr\u00fccke (Schweiz) und Cincinnati (USA) nicht mehr ausreichten.<\/strong><br><br>Wir sehen in der EU und den USA weitere attraktive Wachstumsm\u00f6glichkeiten und haben in den Ausbau der Produktion rund EUR 50 Mio. investiert. In Oranienbaum und Cincinnati ist Ende 2019 je eine Produktionslinie dazugekommen. Im ersten Quartal 2020 folgt in Oranienbaum noch eine zus\u00e4tzliche, so dass wir \u00fcber 16 Produktionslinien verf\u00fcgen. In Abh\u00e4ngigkeit der erwarteten Marktnachfrage planen wir dar\u00fcber hinaus im Zeitraum von 2021 bis 2025 weitere Investitionen in H\u00f6he von rund EUR 80 Mio. Damit unterstreicht Ditsch den Anspruch sehr deutlich, sich als eine weltweit f\u00fchrende Produzentin von Laugenbackwaren zu behaupten.<\/p>\n\n\n\n<figure class=\"wp-block-gallery columns-3 is-cropped content-image-slider wp-block-gallery-2 is-layout-flex wp-block-gallery-is-layout-flex\"><ul class=\"blocks-gallery-grid\"><li class=\"blocks-gallery-item\"><figure><img loading=\"lazy\" decoding=\"async\" width=\"1600\" height=\"1067\" src=\"http:\/\/stories.valora.com\/wp-content\/uploads\/2019\/09\/2019-09-11_ditsch_prodution_1.jpg\" alt=\"\" data-id=\"4071\" data-link=\"http:\/\/stories.valora.com\/?attachment_id=4071\" class=\"wp-image-4071\" srcset=\"https:\/\/stories.valora.com\/wp-content\/uploads\/2019\/09\/2019-09-11_ditsch_prodution_1.jpg 1600w, https:\/\/stories.valora.com\/wp-content\/uploads\/2019\/09\/2019-09-11_ditsch_prodution_1-1200x800.jpg 1200w, https:\/\/stories.valora.com\/wp-content\/uploads\/2019\/09\/2019-09-11_ditsch_prodution_1-900x600.jpg 900w, https:\/\/stories.valora.com\/wp-content\/uploads\/2019\/09\/2019-09-11_ditsch_prodution_1-768x512.jpg 768w, https:\/\/stories.valora.com\/wp-content\/uploads\/2019\/09\/2019-09-11_ditsch_prodution_1-1536x1024.jpg 1536w, https:\/\/stories.valora.com\/wp-content\/uploads\/2019\/09\/2019-09-11_ditsch_prodution_1-400x267.jpg 400w\" sizes=\"auto, (max-width: 706px) 89vw, (max-width: 767px) 82vw, 740px\" \/><figcaption class=\"blocks-gallery-item__caption\">Ditsch Produktion.<\/figcaption><\/figure><\/li><li class=\"blocks-gallery-item\"><figure><img loading=\"lazy\" decoding=\"async\" width=\"1600\" height=\"1066\" src=\"http:\/\/stories.valora.com\/wp-content\/uploads\/2019\/09\/2019-09-11_ditsch_prodution_2.jpg\" alt=\"\" data-id=\"4074\" data-link=\"http:\/\/stories.valora.com\/?attachment_id=4074\" class=\"wp-image-4074\" srcset=\"https:\/\/stories.valora.com\/wp-content\/uploads\/2019\/09\/2019-09-11_ditsch_prodution_2.jpg 1600w, https:\/\/stories.valora.com\/wp-content\/uploads\/2019\/09\/2019-09-11_ditsch_prodution_2-1200x800.jpg 1200w, https:\/\/stories.valora.com\/wp-content\/uploads\/2019\/09\/2019-09-11_ditsch_prodution_2-900x600.jpg 900w, https:\/\/stories.valora.com\/wp-content\/uploads\/2019\/09\/2019-09-11_ditsch_prodution_2-768x512.jpg 768w, https:\/\/stories.valora.com\/wp-content\/uploads\/2019\/09\/2019-09-11_ditsch_prodution_2-1536x1023.jpg 1536w, https:\/\/stories.valora.com\/wp-content\/uploads\/2019\/09\/2019-09-11_ditsch_prodution_2-400x267.jpg 400w\" sizes=\"auto, (max-width: 706px) 89vw, (max-width: 767px) 82vw, 740px\" \/><figcaption class=\"blocks-gallery-item__caption\">Ditsch Produktion.<\/figcaption><\/figure><\/li><li class=\"blocks-gallery-item\"><figure><img loading=\"lazy\" decoding=\"async\" width=\"1600\" height=\"1067\" src=\"http:\/\/stories.valora.com\/wp-content\/uploads\/2019\/09\/2019-09-11_ditsch_prodution_3.jpg\" alt=\"\" data-id=\"4077\" data-link=\"http:\/\/stories.valora.com\/?attachment_id=4077\" class=\"wp-image-4077\" srcset=\"https:\/\/stories.valora.com\/wp-content\/uploads\/2019\/09\/2019-09-11_ditsch_prodution_3.jpg 1600w, https:\/\/stories.valora.com\/wp-content\/uploads\/2019\/09\/2019-09-11_ditsch_prodution_3-1200x800.jpg 1200w, https:\/\/stories.valora.com\/wp-content\/uploads\/2019\/09\/2019-09-11_ditsch_prodution_3-900x600.jpg 900w, https:\/\/stories.valora.com\/wp-content\/uploads\/2019\/09\/2019-09-11_ditsch_prodution_3-768x512.jpg 768w, https:\/\/stories.valora.com\/wp-content\/uploads\/2019\/09\/2019-09-11_ditsch_prodution_3-1536x1024.jpg 1536w, https:\/\/stories.valora.com\/wp-content\/uploads\/2019\/09\/2019-09-11_ditsch_prodution_3-400x267.jpg 400w\" sizes=\"auto, (max-width: 706px) 89vw, (max-width: 767px) 82vw, 740px\" \/><figcaption class=\"blocks-gallery-item__caption\">Ditsch Produktion.<\/figcaption><\/figure><\/li><\/ul><\/figure>\n\n\n\n<p><strong>Die Aussicht auf mehr Kapazit\u00e4t durch die neuen Linien ist f\u00fcr die Mitarbeitenden aber auch eine Herausforderung.<\/strong><br><br>Ein solcher Sprung in der Produktionskapazit\u00e4t ist nicht allt\u00e4glich und verlangt \u2013 bei aller Vorfreude \u2013 von den Mitarbeitenden einiges ab, vor allem in Bezug auf Logistik und Vertrieb. Wir aktivieren nicht einfach ein paar neue Maschinen, sondern begeben uns gewissermassen auf eine Formel-1-Strecke. Darauf mussten wir uns vorbereiten und die Mitarbeitenden gezielt schulen.<\/p>\n\n\n\n<p><strong>Hat es denn geklappt?<\/strong><br><br>Vieles muss sich noch ganz einspielen, aber wir sind auf gutem Weg. Wir haben ein tolles Team, das im letzten halben Jahr viel erreicht hat \u2013 auch mit der Hilfe der bestehenden Werke. Aktuell sind wir sehr zufrieden mit der Leistung, Qualit\u00e4t und den Entwicklungsschritten. Trotz Neubau und mehr Gr\u00f6sse d\u00fcrfen wir aber nicht \u00fcberborden und unseren Fokus auf die Pfeiler \u00abKundenorientierung\u00bb, \u00abQualit\u00e4t\u00bb, \u00abRohstoffe\u00bb und \u00abUmwelt\u00bb verlieren. Sie waren in den letzten 100 Jahren wichtig und werden k\u00fcnftig noch wichtiger sein.<\/p>\n\n\n\n<p><strong>Wie sieht dein Blick in die Zukunft aus?<\/strong><br><br> Ditsch ist immer f\u00fcr Laugenbackwaren gestanden und wird es auch weiter tun. \u00abWenn Lauge, dann Ditsch\u00bb, ist unser Wahlspruch. Wir wollen ein gesundes und stabiles Unternehmen in der Backbranche sein, mit dem ein Partner unbedingt zusammenarbeiten will. <\/p>\n\n\n\n<figure class=\"wp-block-gallery columns-3 is-cropped content-image-slider wp-block-gallery-3 is-layout-flex wp-block-gallery-is-layout-flex\"><ul class=\"blocks-gallery-grid\"><li class=\"blocks-gallery-item\"><figure><img loading=\"lazy\" decoding=\"async\" width=\"1600\" height=\"1068\" src=\"http:\/\/stories.valora.com\/wp-content\/uploads\/2019\/09\/2019-09-11_ditsch_jubilaeum_1.jpg\" alt=\"\" data-id=\"4082\" data-link=\"http:\/\/stories.valora.com\/?attachment_id=4082\" class=\"wp-image-4082\" srcset=\"https:\/\/stories.valora.com\/wp-content\/uploads\/2019\/09\/2019-09-11_ditsch_jubilaeum_1.jpg 1600w, https:\/\/stories.valora.com\/wp-content\/uploads\/2019\/09\/2019-09-11_ditsch_jubilaeum_1-1200x800.jpg 1200w, https:\/\/stories.valora.com\/wp-content\/uploads\/2019\/09\/2019-09-11_ditsch_jubilaeum_1-900x600.jpg 900w, https:\/\/stories.valora.com\/wp-content\/uploads\/2019\/09\/2019-09-11_ditsch_jubilaeum_1-768x513.jpg 768w, https:\/\/stories.valora.com\/wp-content\/uploads\/2019\/09\/2019-09-11_ditsch_jubilaeum_1-1536x1025.jpg 1536w, https:\/\/stories.valora.com\/wp-content\/uploads\/2019\/09\/2019-09-11_ditsch_jubilaeum_1-400x267.jpg 400w\" sizes=\"auto, (max-width: 706px) 89vw, (max-width: 767px) 82vw, 740px\" \/><figcaption class=\"blocks-gallery-item__caption\">Feier 100 Jahre Ditsch.<\/figcaption><\/figure><\/li><li class=\"blocks-gallery-item\"><figure><img loading=\"lazy\" decoding=\"async\" width=\"1600\" height=\"1068\" src=\"http:\/\/stories.valora.com\/wp-content\/uploads\/2019\/09\/2019-09-11_ditsch_jubilaeum_2.jpg\" alt=\"\" data-id=\"4085\" data-link=\"http:\/\/stories.valora.com\/?attachment_id=4085\" class=\"wp-image-4085\" srcset=\"https:\/\/stories.valora.com\/wp-content\/uploads\/2019\/09\/2019-09-11_ditsch_jubilaeum_2.jpg 1600w, https:\/\/stories.valora.com\/wp-content\/uploads\/2019\/09\/2019-09-11_ditsch_jubilaeum_2-1200x800.jpg 1200w, https:\/\/stories.valora.com\/wp-content\/uploads\/2019\/09\/2019-09-11_ditsch_jubilaeum_2-900x600.jpg 900w, https:\/\/stories.valora.com\/wp-content\/uploads\/2019\/09\/2019-09-11_ditsch_jubilaeum_2-768x513.jpg 768w, https:\/\/stories.valora.com\/wp-content\/uploads\/2019\/09\/2019-09-11_ditsch_jubilaeum_2-1536x1025.jpg 1536w, https:\/\/stories.valora.com\/wp-content\/uploads\/2019\/09\/2019-09-11_ditsch_jubilaeum_2-400x267.jpg 400w\" sizes=\"auto, (max-width: 706px) 89vw, (max-width: 767px) 82vw, 740px\" \/><figcaption class=\"blocks-gallery-item__caption\">Feier 100 Jahre Ditsch.<\/figcaption><\/figure><\/li><li class=\"blocks-gallery-item\"><figure><img loading=\"lazy\" decoding=\"async\" width=\"1600\" height=\"1068\" src=\"http:\/\/stories.valora.com\/wp-content\/uploads\/2019\/09\/2019-09-11_ditsch_jubilaeum_3.jpg\" alt=\"\" data-id=\"4088\" data-link=\"http:\/\/stories.valora.com\/?attachment_id=4088\" class=\"wp-image-4088\" srcset=\"https:\/\/stories.valora.com\/wp-content\/uploads\/2019\/09\/2019-09-11_ditsch_jubilaeum_3.jpg 1600w, https:\/\/stories.valora.com\/wp-content\/uploads\/2019\/09\/2019-09-11_ditsch_jubilaeum_3-1200x800.jpg 1200w, https:\/\/stories.valora.com\/wp-content\/uploads\/2019\/09\/2019-09-11_ditsch_jubilaeum_3-900x600.jpg 900w, https:\/\/stories.valora.com\/wp-content\/uploads\/2019\/09\/2019-09-11_ditsch_jubilaeum_3-768x513.jpg 768w, https:\/\/stories.valora.com\/wp-content\/uploads\/2019\/09\/2019-09-11_ditsch_jubilaeum_3-1536x1025.jpg 1536w, https:\/\/stories.valora.com\/wp-content\/uploads\/2019\/09\/2019-09-11_ditsch_jubilaeum_3-400x267.jpg 400w\" sizes=\"auto, (max-width: 706px) 89vw, (max-width: 767px) 82vw, 740px\" \/><figcaption class=\"blocks-gallery-item__caption\">Feier 100 Jahre Ditsch.<\/figcaption><\/figure><\/li><li class=\"blocks-gallery-item\"><figure><img loading=\"lazy\" decoding=\"async\" width=\"1600\" height=\"1068\" src=\"http:\/\/stories.valora.com\/wp-content\/uploads\/2019\/09\/2019-09-11_ditsch_jubilaeum_4.jpg\" alt=\"\" data-id=\"4091\" data-link=\"http:\/\/stories.valora.com\/?attachment_id=4091\" class=\"wp-image-4091\" srcset=\"https:\/\/stories.valora.com\/wp-content\/uploads\/2019\/09\/2019-09-11_ditsch_jubilaeum_4.jpg 1600w, https:\/\/stories.valora.com\/wp-content\/uploads\/2019\/09\/2019-09-11_ditsch_jubilaeum_4-1200x800.jpg 1200w, https:\/\/stories.valora.com\/wp-content\/uploads\/2019\/09\/2019-09-11_ditsch_jubilaeum_4-900x600.jpg 900w, https:\/\/stories.valora.com\/wp-content\/uploads\/2019\/09\/2019-09-11_ditsch_jubilaeum_4-768x513.jpg 768w, https:\/\/stories.valora.com\/wp-content\/uploads\/2019\/09\/2019-09-11_ditsch_jubilaeum_4-1536x1025.jpg 1536w, https:\/\/stories.valora.com\/wp-content\/uploads\/2019\/09\/2019-09-11_ditsch_jubilaeum_4-400x267.jpg 400w\" sizes=\"auto, (max-width: 706px) 89vw, (max-width: 767px) 82vw, 740px\" \/><figcaption class=\"blocks-gallery-item__caption\">Feier 100 Jahre Ditsch.<\/figcaption><\/figure><\/li><li class=\"blocks-gallery-item\"><figure><img loading=\"lazy\" decoding=\"async\" width=\"1600\" height=\"1068\" src=\"http:\/\/stories.valora.com\/wp-content\/uploads\/2019\/09\/2019-09-11_ditsch_jubilaeum_5.jpg\" alt=\"\" data-id=\"4094\" data-link=\"http:\/\/stories.valora.com\/?attachment_id=4094\" class=\"wp-image-4094\" srcset=\"https:\/\/stories.valora.com\/wp-content\/uploads\/2019\/09\/2019-09-11_ditsch_jubilaeum_5.jpg 1600w, https:\/\/stories.valora.com\/wp-content\/uploads\/2019\/09\/2019-09-11_ditsch_jubilaeum_5-1200x800.jpg 1200w, https:\/\/stories.valora.com\/wp-content\/uploads\/2019\/09\/2019-09-11_ditsch_jubilaeum_5-900x600.jpg 900w, https:\/\/stories.valora.com\/wp-content\/uploads\/2019\/09\/2019-09-11_ditsch_jubilaeum_5-768x513.jpg 768w, https:\/\/stories.valora.com\/wp-content\/uploads\/2019\/09\/2019-09-11_ditsch_jubilaeum_5-1536x1025.jpg 1536w, https:\/\/stories.valora.com\/wp-content\/uploads\/2019\/09\/2019-09-11_ditsch_jubilaeum_5-400x267.jpg 400w\" sizes=\"auto, (max-width: 706px) 89vw, (max-width: 767px) 82vw, 740px\" \/><figcaption class=\"blocks-gallery-item__caption\">Feier 100 Jahre Ditsch.<\/figcaption><\/figure><\/li><\/ul><\/figure>\n\n\n\n<hr class=\"wp-block-separator is-style-wide\"\/>\n\n\n\n<h2 class=\"wp-block-heading\"> Weltrekord \u2013  \u00abWir sind Brezel!\u00bb <\/h2>\n\n\n\n<p class=\"has-text-align-center\">Zum 100. Geburtstag tr\u00e4gt sich Ditsch ins Guinnessbuch der Rekorde ein:<br>424 Mitarbeitende stellen in Oranienbaum die ber\u00fchmte Brezel erfolgreich nach. <\/p>\n\n\n\n<figure class=\"wp-block-embed-vimeo wp-block-embed is-type-video is-provider-vimeo wp-embed-aspect-16-9 wp-has-aspect-ratio\"><div class=\"wp-block-embed__wrapper\">\n<iframe loading=\"lazy\" title=\"Ditsch 100 Jahre Jubil&amp;auml;um - Weltrekord\" src=\"https:\/\/player.vimeo.com\/video\/358262714?dnt=1&amp;app_id=122963\" width=\"1778\" height=\"1000\" frameborder=\"0\" allow=\"autoplay; fullscreen; picture-in-picture\" allowfullscreen><\/iframe>\n<\/div><\/figure>\n\n\n\n<hr class=\"wp-block-separator is-style-default\"\/>\n\n\n\n<p class=\"has-text-color has-text-align-center has-small-font-size has-cyan-bluish-gray-color has-custom-size\"><em>Fotos und Video: Valora, No\u00eb Flum, solution4media, Natalie Hermann<\/em><\/p>\n\n\n\n<p class=\"has-text-color has-text-align-center has-small-font-size has-cyan-bluish-gray-color\">Dieser Beitrag erschien erstmals am 18. September 2019 und wurde am 19. Februar 2020 aktualisiert.<\/p>\n","protected":false},"excerpt":{"rendered":"<p>An der Laugenbrezel f\u00fchrt in der Brezelb\u00e4ckerei Ditsch seit 100 Jahren kein Weg vorbei. Sie ist in jedem Bahnhof in Deutschland zu kaufen und wird mittlerweile in 30 L\u00e4nder exportiert. 2019 feierte Ditsch mit Gesch\u00e4ftsf\u00fchrer Seb Gooding Jubil\u00e4um und stellt einen Weltrekord der besonderen Art auf.<\/p>\n","protected":false},"author":1,"featured_media":5153,"comment_status":"closed","ping_status":"open","sticky":false,"template":"","format":"standard","meta":{"_coblocks_attr":"","_coblocks_dimensions":"","_coblocks_responsive_height":"","_coblocks_accordion_ie_support":"","footnotes":""},"categories":[1],"tags":[619,563,5896,5071,5073],"class_list":["post-4175","post","type-post","status-publish","format-standard","has-post-thumbnail","hentry","category-strategie-zahlen","tag-food-service-de","tag-interview","tag-interview-de","tag-the-annual-report-selection-2019","tag-the-annual-report-selection-2019-de"],"pbg_featured_image_src":{"full":["https:\/\/stories.valora.com\/wp-content\/uploads\/2019\/09\/Titelbild_neu-scaled.jpg",2560,1707,false],"thumbnail":["https:\/\/stories.valora.com\/wp-content\/uploads\/2019\/09\/Titelbild_neu-420x280.jpg",420,280,true],"medium":["https:\/\/stories.valora.com\/wp-content\/uploads\/2019\/09\/Titelbild_neu-1200x800.jpg",1200,800,true],"medium_large":["https:\/\/stories.valora.com\/wp-content\/uploads\/2019\/09\/Titelbild_neu-768x512.jpg",768,512,true],"large":["https:\/\/stories.valora.com\/wp-content\/uploads\/2019\/09\/Titelbild_neu-1600x1067.jpg",1600,1067,true],"1536x1536":["https:\/\/stories.valora.com\/wp-content\/uploads\/2019\/09\/Titelbild_neu-1536x1024.jpg",1536,1024,true],"2048x2048":["https:\/\/stories.valora.com\/wp-content\/uploads\/2019\/09\/Titelbild_neu-2048x1365.jpg",2048,1365,true],"valorastories-image":["https:\/\/stories.valora.com\/wp-content\/uploads\/2019\/09\/Titelbild_neu-800x800.jpg",800,800,true],"valorastories-image-slider":["https:\/\/stories.valora.com\/wp-content\/uploads\/2019\/09\/Titelbild_neu-1200x800.jpg",1200,800,true],"valorastories-image-zoomed":["https:\/\/stories.valora.com\/wp-content\/uploads\/2019\/09\/Titelbild_neu-1800x1200.jpg",1800,1200,true],"valorastories-image-big":["https:\/\/stories.valora.com\/wp-content\/uploads\/2019\/09\/Titelbild_neu-2560x1440.jpg",2560,1440,true],"twentyseventeen-featured-image":["https:\/\/stories.valora.com\/wp-content\/uploads\/2019\/09\/Titelbild_neu-2000x1200.jpg",2000,1200,true],"twentyseventeen-thumbnail-avatar":["https:\/\/stories.valora.com\/wp-content\/uploads\/2019\/09\/Titelbild_neu-100x100.jpg",100,100,true],"rp4wp-thumbnail-post":["https:\/\/stories.valora.com\/wp-content\/uploads\/2019\/09\/Titelbild_neu-400x267.jpg",400,267,true]},"pbg_author_info":{"display_name":"Valora Stories","author_link":"https:\/\/stories.valora.com\/de\/author\/stories-valora\/","author_img":"<img alt='Valora Stories' src='https:\/\/secure.gravatar.com\/avatar\/4c7dcea5f2af7c4afaf9da5eb51a7c9d?s=128&#038;d=mm&#038;r=g' srcset='https:\/\/secure.gravatar.com\/avatar\/4c7dcea5f2af7c4afaf9da5eb51a7c9d?s=256&#038;d=mm&#038;r=g 2x' class='avatar avatar-128 photo' height='128' width='128' loading='lazy' decoding='async'\/>"},"pbg_comment_info":" No Comments","pbg_excerpt":"An der Laugenbrezel f\u00fchrt in der Brezelb\u00e4ckerei Ditsch seit 100 Jahren kein Weg vorbei. Sie ist in jedem Bahnhof in Deutschland zu kaufen und wird mittlerweile in 30 L\u00e4nder exportiert. 2019 feierte Ditsch mit Gesch\u00e4ftsf\u00fchrer Seb Gooding Jubil\u00e4um und stellt einen Weltrekord der besonderen Art auf.","_links":{"self":[{"href":"https:\/\/stories.valora.com\/de\/wp-json\/wp\/v2\/posts\/4175","targetHints":{"allow":["GET"]}}],"collection":[{"href":"https:\/\/stories.valora.com\/de\/wp-json\/wp\/v2\/posts"}],"about":[{"href":"https:\/\/stories.valora.com\/de\/wp-json\/wp\/v2\/types\/post"}],"author":[{"embeddable":true,"href":"https:\/\/stories.valora.com\/de\/wp-json\/wp\/v2\/users\/1"}],"replies":[{"embeddable":true,"href":"https:\/\/stories.valora.com\/de\/wp-json\/wp\/v2\/comments?post=4175"}],"version-history":[{"count":5,"href":"https:\/\/stories.valora.com\/de\/wp-json\/wp\/v2\/posts\/4175\/revisions"}],"predecessor-version":[{"id":9501,"href":"https:\/\/stories.valora.com\/de\/wp-json\/wp\/v2\/posts\/4175\/revisions\/9501"}],"wp:featuredmedia":[{"embeddable":true,"href":"https:\/\/stories.valora.com\/de\/wp-json\/wp\/v2\/media\/5153"}],"wp:attachment":[{"href":"https:\/\/stories.valora.com\/de\/wp-json\/wp\/v2\/media?parent=4175"}],"wp:term":[{"taxonomy":"category","embeddable":true,"href":"https:\/\/stories.valora.com\/de\/wp-json\/wp\/v2\/categories?post=4175"},{"taxonomy":"post_tag","embeddable":true,"href":"https:\/\/stories.valora.com\/de\/wp-json\/wp\/v2\/tags?post=4175"}],"curies":[{"name":"wp","href":"https:\/\/api.w.org\/{rel}","templated":true}]}}