{"id":12795,"date":"2021-11-25T12:16:00","date_gmt":"2021-11-25T11:16:00","guid":{"rendered":"http:\/\/stories.valora.com\/?p=12795"},"modified":"2021-12-09T21:48:46","modified_gmt":"2021-12-09T20:48:46","slug":"valora-baut-schneesport-sponsoring-aus","status":"publish","type":"post","link":"https:\/\/stories.valora.com\/de\/valora-baut-schneesport-sponsoring-aus\/","title":{"rendered":"\u00abWas den Schneesport mit k kiosk verbindet? Sie sind Schweizer Kulturg\u00fcter\u00bb"},"content":{"rendered":"\n<p><strong>Ski Alpin, Skicross, Nachwuchsf\u00f6rderung: Die Valora Gruppe baut ihr Schneesport-Sponsoring mit dem Format k kiosk und der Eigenmarke ok.\u2013 in diesem Winter weiter aus. Thomas Herz, Head of Marketing Retail bei Valora, erkl\u00e4rt die Gr\u00fcnde daf\u00fcr.<\/strong><\/p>\n\n\n\n<p><strong><strong>Thomas Herz, warum engagiert sich Valora im Schweizer Schneesport?<\/strong><\/strong><\/p>\n\n\n\n<p>Der Schneesport ist in der Schweiz Kulturgut und Nationalsport, geh\u00f6rt also fest zur DNA des Landes. Unser Verkaufsformat k kiosk hat eine jahrzehntelange Tradition und z\u00e4hlt f\u00fcr viele Schweizer zum liebgewonnenen Bestandteil des Alltags. Somit ist auch der Kiosk zu einem gewissen Grad ein Kulturgut. Wir sind \u00fcberzeugt, dass Valora und der Schneesport einen idealen Match darstellen. Ein weiterer, nicht unwesentlicher Grund: Wir sch\u00e4tzen die Partnerschaft mit Swiss-Ski und die vielf\u00e4ltigen Kommunikationsm\u00f6glichkeiten sehr.<\/p>\n\n\n\n<figure class=\"wp-block-image size-large is-resized\"><img loading=\"lazy\" decoding=\"async\" src=\"http:\/\/stories.valora.com\/wp-content\/uploads\/2021\/11\/Actionfoto-1-1600x900.jpg\" alt=\"Vanessa Marina Kasper: von Valora unterst\u00fctzt (Valora Schneesport-Sponsoring mit k kiosk und ok.\u2013)\" class=\"wp-image-13123\" width=\"1200\" height=\"675\" srcset=\"https:\/\/stories.valora.com\/wp-content\/uploads\/2021\/11\/Actionfoto-1-1600x900.jpg 1600w, https:\/\/stories.valora.com\/wp-content\/uploads\/2021\/11\/Actionfoto-1-1200x675.jpg 1200w, https:\/\/stories.valora.com\/wp-content\/uploads\/2021\/11\/Actionfoto-1-768x432.jpg 768w, https:\/\/stories.valora.com\/wp-content\/uploads\/2021\/11\/Actionfoto-1-1536x864.jpg 1536w, https:\/\/stories.valora.com\/wp-content\/uploads\/2021\/11\/Actionfoto-1-2048x1152.jpg 2048w\" sizes=\"auto, (max-width: 706px) 89vw, (max-width: 767px) 82vw, 740px\" \/><figcaption>Vanessa Kasper: von Valora mit der Eigenmarke ok.\u2013 gesponsert.<\/figcaption><\/figure>\n\n\n\n<p><strong>Diese Partnerschaft begann vor drei Jahren bei der Audi Skicross Tour, wo Valora seither mit der Eigenmarke<a href=\"https:\/\/okpunktstrich.ch\/de\/\" target=\"_blank\" rel=\"noopener\"> ok.\u2013<\/a> als Co-Sponsor auftritt. Warum gerade da?<\/strong><\/p>\n\n\n\n<p>Wir suchten damals nach weitergehenden M\u00f6glichkeiten, unsere trendige, insbesondere f\u00fcr Energydrinks bekannte Eigenmarke zu st\u00e4rken. Skicross ist eine actiongeladene Sportart, die eine junge Zielgruppe anspricht und damit sehr gut zu ok.\u2013 passt. Wir sind zufrieden mit der durch dieses Engagement generierten Brand Awareness. Wenn die Sieger auf dem Podest mit einem von ok.\u2013 gesponsorten Preis vor Freude strahlen, ist das durchaus mehr als nur ok.<\/p>\n\n\n\n<div class=\"wp-block-coblocks-accordion\">\n<div class=\"wp-block-coblocks-accordion-item\"><details><summary class=\"wp-block-coblocks-accordion-item__title\"><strong>Valora Schneesport-Sponsoring \u2013 Engagement auf drei S\u00e4ulen<\/strong><\/summary><div class=\"wp-block-coblocks-accordion-item__content\" tabindex=\"0\">\n<p><strong>Grand Prix Migros<\/strong><br>Letzten Winter stieg Valora mit k kiosk als Co-Sponsor beim <a href=\"https:\/\/www.gp-migros.ch\/\" target=\"_blank\" rel=\"noopener\">Grand Prix Migros<\/a> von Swiss-Ski ein, dem gr\u00f6ssten Kinder- und Jugendskirennen der Welt. Es wird seit 1972 durchgef\u00fchrt und startet am 9. Januar 2022 in Savognin (Schweiz) in die neue Saison.<\/p>\n\n\n\n<p><strong>Skicross<\/strong><br>Seit 2018 engagiert sich Valora mit der Eigenmarke ok.\u2013 als Co-Sponsor der <a href=\"https:\/\/audiskicross.ch\/\" target=\"_blank\" rel=\"noopener\">Audi Skicross Tour<\/a> von Swiss-Ski. Die Tour beinhaltet FIS- und Europacup-Rennen f\u00fcr lizenzierte Athletinnen und Athleten, aber auch Open- und Junioren-Wettbewerbe. Die neue Saison beginnt am 8. Januar 2022 in St. Moritz (Schweiz).<\/p>\n\n\n\n<p><strong>Athleten-Sponsoring<\/strong><br>Valora unterst\u00fctzt Vanessa Kasper (Ski-Alpin), Daniele Sette (Ski-Alpin) und Talina Gantenbein (Skicross) aus der Schweiz durch ein sogenanntes Flaschensponsoring mit der Eigenmarke ok.\u2013.<\/p>\n<\/div><\/details><\/div>\n<\/div>\n\n\n\n<p><strong>Daneben unterst\u00fctzt Valora auch die Skicross-Athletin Talina Gantenbein sowie die beiden Ski-Alpin-Profis Vanessa Kasper und Daniele Sette durch ein Flaschensponsoring mit ok.\u2013. Wie wurden die drei ausgesucht?<\/strong><\/p>\n\n\n\n<p>Wir haben in fr\u00fcheren Sponsoringengagements mit Einzelsportlern bereits sehr positive Erfahrungen machen d\u00fcrfen. F\u00fcr uns war also klar, dass wir unsere Aktivit\u00e4ten auch in diese Richtung entwickeln und passende Kooperationen eingehen wollen. Konkret konzentrieren wir uns darauf, aufstrebende Talente und spannende Pers\u00f6nlichkeiten auf einem Teilst\u00fcck ihres sportlichen Weges zu begleiten. Talina, Vanessa und Daniele passen hundertprozentig zu uns und unserem Anforderungsprofil.<\/p>\n\n\n\n<div class=\"wp-block-group alignwide\"><div class=\"wp-block-group__inner-container is-layout-flow wp-block-group-is-layout-flow\">\n<div class=\"wp-block-media-text alignwide has-media-on-the-right is-stacked-on-mobile\" style=\"grid-template-columns:auto 24%\"><figure class=\"wp-block-media-text__media\"><img loading=\"lazy\" decoding=\"async\" width=\"493\" height=\"583\" src=\"http:\/\/stories.valora.com\/wp-content\/uploads\/2021\/11\/Heru.jpg\" alt=\"\" class=\"wp-image-13110 size-full\"><\/figure><div class=\"wp-block-media-text__content\">\n<blockquote class=\"wp-block-quote is-layout-flow wp-block-quote-is-layout-flow\"><p>\u00abOb Talina, Vanessa oder Daniele: <em>Ich habe sehr grossen Respekt vor der sportlichen Leidenschaft aller drei.<\/em>\u00bb<\/p><cite>Thomas Herz, Head of Marketing Retail, Valora<\/cite><\/blockquote>\n<\/div><\/div>\n<\/div><\/div>\n\n\n\n<p>Talina ist vergangene Saison in der Skicross-Weltspitze angekommen und geh\u00f6rt mit 23 Jahren immer noch zu den J\u00fcngeren im Weltcup. Vanessa hat sich nach einer schweren Verletzung im Jahr 2018 zur\u00fcckgek\u00e4mpft und will nun wieder voll angreifen. Daniele hat sich \u00fcber ein Jahrzehnt lang auf eigene Faust im Ski-Zirkus durchgeschlagen, selbst Geld aufgetrieben, Trainings und Material organisiert. Heute geh\u00f6rt er zum Kader von Swiss-Ski. Pers\u00f6nlich habe ich sehr grossen Respekt vor der sportlichen Leidenschaft aller drei.<\/p>\n\n\n\n<figure class=\"wp-block-gallery columns-3 is-cropped alignfull content-image-slider duo-slider wp-block-gallery-1 is-layout-flex wp-block-gallery-is-layout-flex\"><ul class=\"blocks-gallery-grid\"><li class=\"blocks-gallery-item\"><figure><img loading=\"lazy\" decoding=\"async\" width=\"1200\" height=\"800\" src=\"http:\/\/stories.valora.com\/wp-content\/uploads\/2023\/11\/Print_JF5_1142-1200x800.jpg\" alt=\"\" data-id=\"12825\" data-link=\"http:\/\/stories.valora.com\/de\/?attachment_id=12825\" class=\"wp-image-12825\" srcset=\"https:\/\/stories.valora.com\/wp-content\/uploads\/2023\/11\/Print_JF5_1142-1200x800.jpg 1200w, https:\/\/stories.valora.com\/wp-content\/uploads\/2023\/11\/Print_JF5_1142-1600x1067.jpg 1600w, https:\/\/stories.valora.com\/wp-content\/uploads\/2023\/11\/Print_JF5_1142-420x280.jpg 420w, https:\/\/stories.valora.com\/wp-content\/uploads\/2023\/11\/Print_JF5_1142-768x512.jpg 768w, https:\/\/stories.valora.com\/wp-content\/uploads\/2023\/11\/Print_JF5_1142-1536x1024.jpg 1536w, https:\/\/stories.valora.com\/wp-content\/uploads\/2023\/11\/Print_JF5_1142-2048x1365.jpg 2048w, https:\/\/stories.valora.com\/wp-content\/uploads\/2023\/11\/Print_JF5_1142-1800x1200.jpg 1800w, https:\/\/stories.valora.com\/wp-content\/uploads\/2023\/11\/Print_JF5_1142-400x267.jpg 400w\" sizes=\"auto, (max-width: 706px) 89vw, (max-width: 767px) 82vw, 740px\" \/><\/figure><\/li><li class=\"blocks-gallery-item\"><figure><img loading=\"lazy\" decoding=\"async\" width=\"1200\" height=\"800\" src=\"http:\/\/stories.valora.com\/wp-content\/uploads\/2021\/11\/print_RAA_0047-1200x800.jpg\" alt=\"\" data-id=\"12848\" data-link=\"http:\/\/stories.valora.com\/de\/?attachment_id=12848\" class=\"wp-image-12848\" srcset=\"https:\/\/stories.valora.com\/wp-content\/uploads\/2021\/11\/print_RAA_0047-1200x800.jpg 1200w, https:\/\/stories.valora.com\/wp-content\/uploads\/2021\/11\/print_RAA_0047-420x280.jpg 420w, https:\/\/stories.valora.com\/wp-content\/uploads\/2021\/11\/print_RAA_0047-1800x1200.jpg 1800w, https:\/\/stories.valora.com\/wp-content\/uploads\/2021\/11\/print_RAA_0047-400x267.jpg 400w\" sizes=\"auto, (max-width: 706px) 89vw, (max-width: 767px) 82vw, 740px\" \/><\/figure><\/li><li class=\"blocks-gallery-item\"><figure><img loading=\"lazy\" decoding=\"async\" width=\"1200\" height=\"800\" src=\"http:\/\/stories.valora.com\/wp-content\/uploads\/2021\/11\/Print__SP20130-3_neu-1200x800.jpg\" alt=\"\" data-id=\"13081\" data-full-url=\"http:\/\/stories.valora.com\/wp-content\/uploads\/2021\/11\/Print__SP20130-3_neu-scaled.jpg\" data-link=\"http:\/\/stories.valora.com\/de\/?attachment_id=13081\" class=\"wp-image-13081\" srcset=\"https:\/\/stories.valora.com\/wp-content\/uploads\/2021\/11\/Print__SP20130-3_neu-1200x800.jpg 1200w, https:\/\/stories.valora.com\/wp-content\/uploads\/2021\/11\/Print__SP20130-3_neu-420x280.jpg 420w, https:\/\/stories.valora.com\/wp-content\/uploads\/2021\/11\/Print__SP20130-3_neu-1800x1200.jpg 1800w, https:\/\/stories.valora.com\/wp-content\/uploads\/2021\/11\/Print__SP20130-3_neu-400x267.jpg 400w\" sizes=\"auto, (max-width: 706px) 89vw, (max-width: 767px) 82vw, 740px\" \/><\/figure><\/li><li class=\"blocks-gallery-item\"><figure><img loading=\"lazy\" decoding=\"async\" width=\"1200\" height=\"800\" src=\"http:\/\/stories.valora.com\/wp-content\/uploads\/2021\/11\/Print__SP10019-1200x800.jpg\" alt=\"\" data-id=\"12953\" data-full-url=\"http:\/\/stories.valora.com\/wp-content\/uploads\/2021\/11\/Print__SP10019-scaled.jpg\" data-link=\"http:\/\/stories.valora.com\/de\/?attachment_id=12953\" class=\"wp-image-12953\" srcset=\"https:\/\/stories.valora.com\/wp-content\/uploads\/2021\/11\/Print__SP10019-1200x800.jpg 1200w, https:\/\/stories.valora.com\/wp-content\/uploads\/2021\/11\/Print__SP10019-1600x1067.jpg 1600w, https:\/\/stories.valora.com\/wp-content\/uploads\/2021\/11\/Print__SP10019-420x280.jpg 420w, https:\/\/stories.valora.com\/wp-content\/uploads\/2021\/11\/Print__SP10019-768x512.jpg 768w, https:\/\/stories.valora.com\/wp-content\/uploads\/2021\/11\/Print__SP10019-1536x1024.jpg 1536w, https:\/\/stories.valora.com\/wp-content\/uploads\/2021\/11\/Print__SP10019-2048x1365.jpg 2048w, https:\/\/stories.valora.com\/wp-content\/uploads\/2021\/11\/Print__SP10019-1800x1200.jpg 1800w, https:\/\/stories.valora.com\/wp-content\/uploads\/2021\/11\/Print__SP10019-400x267.jpg 400w\" sizes=\"auto, (max-width: 706px) 89vw, (max-width: 767px) 82vw, 740px\" \/><\/figure><\/li><\/ul><figcaption class=\"blocks-gallery-caption\">Mit dem Format k kiosk unterst\u00fctzt Valora den Grand Prix Migros.<\/figcaption><\/figure>\n\n\n\n<p><strong>Vergangenen Winter ist Valora mit dem Format <a href=\"https:\/\/www.kkiosk.ch\/de\/index.php\" target=\"_blank\" rel=\"noopener\">k kiosk<\/a> als Co-Sponsor beim Grand Prix Migros eingestiegen. Was macht diese Rennserie so besonders?<\/strong><\/p>\n\n\n\n<p>Es ist das gr\u00f6sste Kinder- und Jugendskirennen der Welt. Eine absolute Institution im Schweizer Breitensport also. Die Rennserie bietet uns die einmalige Gelegenheit, unseren kleinen und grossen Kundinnen und Kunden nah zu sein. Ihnen nicht nur in unseren Verkaufsstellen zahlreiche Produkte f\u00fcr unterwegs zu bieten, sondern abseits davon tolle Erlebnisse und viel Spass \u2013 gerade in turbulenten und schwierigen Zeiten wie diesen.<\/p>\n\n\n\n<p><strong>Wie sehen die Sponsoring-Aktivit\u00e4ten am Grand Prix Migros aus?<\/strong><\/p>\n\n\n\n<p>Von Januar 2022 bis zum Finale Ende M\u00e4rz sind zw\u00f6lf Rennen geplant. Im ersten Schritt sehen wir das Engagement als klassisches Veranstaltungssponsoring, das wir vor Ort mit Aktivierungsmassnahmen ausgestalten und \u00fcber unsere digitalen Kan\u00e4le kommunikativ verl\u00e4ngern. Im Grand-Prix-Village stellen wir unter anderem ein k kiosk Zelt auf, in dem wir die Skifamilien mit allerlei Aktionen begeistern m\u00f6chten. &nbsp;<\/p>\n\n\n\n<div style=\"height:1px\" aria-hidden=\"true\" class=\"wp-block-spacer\"><\/div>\n\n\n\n<div class=\"wp-block-coblocks-accordion\">\n<div class=\"wp-block-coblocks-accordion-item\"><\/div>\n<\/div>\n\n\n\n<div class=\"wp-block-coblocks-row coblocks-row-102210947473\" data-columns=\"1\" data-layout=\"100\"><div class=\"wp-block-coblocks-row__inner has-background has-padding has-huge-padding has-no-margin is-stacked-on-mobile has-medium-gutter\" style=\"background-color:#e8eef7\">\n<div class=\"wp-block-coblocks-column coblocks-column-102210949762\" style=\"width:100%\"><div class=\"wp-block-coblocks-column__inner has-no-padding has-no-margin\">\n<h3 class=\"has-text-align-left margin-top-0 wp-block-heading\">Talina Gantenbein<\/h3>\n\n\n\n<div id=\"Talina-Gantenbein\" class=\"wp-block-image caption-outside\"><figure class=\"alignleft size-full\"><img loading=\"lazy\" decoding=\"async\" width=\"400\" height=\"400\" src=\"http:\/\/stories.valora.com\/wp-content\/uploads\/2021\/11\/Zeichenflaeche-2.png\" alt=\"Talina Gantenbein, Skicross (Valora Schneesport-Sponsoring mit k kiosk und ok.\u2013)\" class=\"wp-image-13033\" srcset=\"https:\/\/stories.valora.com\/wp-content\/uploads\/2021\/11\/Zeichenflaeche-2.png 400w, https:\/\/stories.valora.com\/wp-content\/uploads\/2021\/11\/Zeichenflaeche-2-100x100.png 100w\" sizes=\"auto, (max-width: 400px) 100vw, 400px\" \/><figcaption><strong>Geburtsdatum:&nbsp;<\/strong>18. August 1998<br><strong>Sportart:<\/strong>&nbsp;Skicross<\/figcaption><\/figure><\/div>\n\n\n\n<p><strong>Was war bisher Dein sportliches Highlight?<br><\/strong>Gold an den Olympischen Jugendspielen 2016, Silber an der Junioren-WM 2019 und der Start an Olympia 2018 in S\u00fcdkorea. Alle drei Anl\u00e4sse haben einen speziellen Platz in meinem Herzen.<\/p>\n\n\n\n<p><strong>Was sind Deine Ziele f\u00fcr diese Saison?<br><\/strong>Ein Podestplatz an den Olympischen Spielen im Februar 2022 in Peking.<\/p>\n\n\n\n<p><strong>In welchem Skigebiet f\u00fchlst Du Dich zu Hause?<br><\/strong>Zwei Skigebiete im Kanton Graub\u00fcnden (Schweiz) kenne ich in und auswendig: Motta Naluns in Scuol, wo ich geboren wurde, dazu Parsenn und Jakobshorn in Davos.<\/p>\n\n\n\n<p><strong>Was machst Du abseits der Piste?<br><\/strong>Ich habe im Fr\u00fchling die Berufsmatura abgeschlossen und beginne n\u00e4chsten Februar ein Fernstudium. Meine Freizeit verbringe ich am liebsten beim Wandern oder auf Skitouren. Ich kann mich aber auch mal einen Tag in der Stadt beim Einkaufen verlieren. Da ich im Winter selten zuhause bin, verbringe ich im Sommer zudem viel Zeit mit Familie und Freunden.<\/p>\n<\/div><\/div>\n<\/div><\/div>\n\n\n\n<div style=\"height:60px\" aria-hidden=\"true\" class=\"wp-block-spacer\"><\/div>\n\n\n\n<div class=\"wp-block-coblocks-row coblocks-row-102210947473\" data-columns=\"1\" data-layout=\"100\"><div class=\"wp-block-coblocks-row__inner has-background has-padding has-huge-padding has-no-margin is-stacked-on-mobile has-medium-gutter\" style=\"background-color:#e8eef7\">\n<div class=\"wp-block-coblocks-column coblocks-column-102210949762\" style=\"width:100%\"><div class=\"wp-block-coblocks-column__inner has-no-padding has-no-margin\">\n<h3 class=\"has-text-align-left margin-top-0 wp-block-heading\" id=\"Daniele-Sette\">Daniele Sette<\/h3>\n\n\n\n<div class=\"wp-block-image caption-outside\"><figure class=\"alignright size-full\"><img loading=\"lazy\" decoding=\"async\" width=\"290\" height=\"400\" src=\"http:\/\/stories.valora.com\/wp-content\/uploads\/2021\/11\/Zeichenflaeche-1-5.png\" alt=\"Daniele Sette, Ski-Alpin (Valora Schneesport-Sponsoring mit k kiosk und ok.\u2013)\" class=\"wp-image-13061\"\/><figcaption><strong>Geburtsdatum:&nbsp;<\/strong>28. Februar 1992<br><strong>Sportart:<\/strong>&nbsp;Ski-Alpin<\/figcaption><\/figure><\/div>\n\n\n\n<p><strong>Was war bisher Dein sportliches Highlight?<br><\/strong>Im Jahr 2020 fuhr ich in Adelboden (Schweiz) meine ersten Weltcuppunkte ein \u2013 mit Startnummer 51 und Eltern und Freunden im Publikum. Das zweite grosse Highlight erlebte ich letzte Saison im bulgarischen Bansko: Ich fuhr Laufbestzeit im zweiten Durchgang, verbrachte l\u00e4ngere Zeit in der Leaderbox und r\u00fcckte auf den elften Schlussrang vor: mein bisheriges Karriere-Bestergebnis. Und das alles an meinem 29. Geburtstag!<\/p>\n\n\n\n<p><strong>Was sind Deine Ziele f\u00fcr diese Saison?<br><\/strong>Das Beste aus mir herausholen und immer besser, schneller, st\u00e4rker, erfahrener werden. Ich m\u00f6chte mich konstant in Richtung Weltspitze bewegen. Im Hinterkopf sind momentan ausserdem die Olympischen Winterspiele 2022 in Peking.<\/p>\n\n\n\n<p><strong>In welchem Skigebiet f\u00fchlst Du Dich zu Hause?<br><\/strong>In St. Moritz (Schweiz) auf der Corviglia, das ist mein Heimberg. Die Vielseitigkeit der Pisten gef\u00e4llt mir sehr, und die wundersch\u00f6ne Aussicht bringt mich jedes Mal zum Staunen.<\/p>\n\n\n\n<p><strong>Was machst Du abseits der Piste?<br><\/strong>Tennis, Basketball und \u2013 wenn ich Zeit habe \u2013 Surfen. Dazu reise ich gerne und verbringe Zeit mit meinen Freunden. Ich liebe ausserdem gutes Essen und interessiere mich f\u00fcr Sport- sowie Bewegungswissenschaft.<\/p>\n<\/div><\/div>\n<\/div><\/div>\n\n\n\n<div style=\"height:60px\" aria-hidden=\"true\" class=\"wp-block-spacer\"><\/div>\n\n\n\n<div class=\"wp-block-coblocks-row coblocks-row-102210947473\" data-columns=\"1\" data-layout=\"100\"><div class=\"wp-block-coblocks-row__inner has-background has-padding has-huge-padding has-no-margin is-stacked-on-mobile has-medium-gutter\" style=\"background-color:#e8eef7\">\n<div class=\"wp-block-coblocks-column coblocks-column-102210949762\" style=\"width:100%\"><div class=\"wp-block-coblocks-column__inner has-no-padding has-no-margin\">\n<h3 class=\"has-text-align-left margin-top-0 wp-block-heading\">Vanessa Marina Kasper<\/h3>\n\n\n\n<div class=\"wp-block-image caption-outside\"><figure class=\"alignleft size-full\"><img loading=\"lazy\" decoding=\"async\" width=\"290\" height=\"400\" src=\"http:\/\/stories.valora.com\/wp-content\/uploads\/2021\/11\/Zeichenflaeche-1-6.png\" alt=\"Vanessa Marina Kasper (Valora Schneesport-Sponsoring mit k kiosk und ok.\u2013)\" class=\"wp-image-13070\"\/><figcaption><strong>Geburtsdatum:&nbsp;<\/strong>8. Dezember 1996<br><strong>Sportart:<\/strong>&nbsp;Ski-Alpin<\/figcaption><\/figure><\/div>\n\n\n\n<p><strong>Was war bisher Dein sportliches Highlight?<\/strong><br>Vor wenigen Wochen wurde ich 14. beim Paralellrennen in Lech (\u00d6sterreich) \u2013 mein bisher bestes Karriereresultat im Weltcup.<\/p>\n\n\n\n<p><strong>Was sind Deine Ziele f\u00fcr diese Saison?<br><\/strong>Weitere Top-30-Ergebnisse im Weltcup erreichen und im Europacup ganz vorne dabei sein. Ich m\u00f6chte mich verbessern, weiterentwickeln und t\u00e4glich einen Schritt n\u00e4her an die Weltspitze kommen.<\/p>\n\n\n\n<p><strong>In welchem Skigebiet f\u00fchlst Du Dich zu Hause?<br><\/strong>Ganz klar im Oberengadin (Schweiz): in St. Moritz und Celerina. Aber auch das Corvatsch-Gebiet gef\u00e4llt mir gut. Ausserdem liebe ich den Norden. Ich f\u00fchle mich in Schweden und Norwegen wie zu Hause und liebe es, dort Ski zu fahren.<\/p>\n\n\n\n<p><strong>Was machst Du abseits der Piste?<br><\/strong>Ich liebe die Natur und bin gerne draussen: Reiten und Tennis sind Hobbys von mir, die Fotografie ist meine grosse Leidenschaft neben dem Skifahren. Zudem bin ich ein sehr neugieriger, unternehmungsfreudiger Mensch und lerne gerne neue Orte und Regionen kennen.<\/p>\n<\/div><\/div>\n<\/div><\/div>\n\n\n\n<hr class=\"wp-block-separator\"\/>\n\n\n\n<p class=\"has-text-align-center has-cyan-bluish-gray-color has-text-color\">  <em><sup>Fotos: zVg<\/sup><\/em><\/p>\n\n\n\n<div class=\"wp-block-coblocks-row coblocks-row-103115343799\" data-columns=\"1\" data-layout=\"100\"><div class=\"wp-block-coblocks-row__inner has-background has-padding has-large-padding has-no-margin is-stacked-on-mobile has-medium-gutter\" style=\"background-color:#e8eef7\">\n<div class=\"wp-block-coblocks-column coblocks-column-103115346253\" style=\"width:100%\"><div class=\"wp-block-coblocks-column__inner has-no-padding has-no-margin\">\n<h4 class=\"has-text-align-center margin-bottom-05 margin-top-0 wp-block-heading\" id=\"teilen-leicht-gemacht\"><strong>Teilen leicht gemacht:<\/strong><\/h4>\n\n\n\n<p class=\"has-text-align-center\"><meta charset=\"utf-8\">Macht Euren Freundes- und Kollegenkreis auf diese Story aufmerksam!<\/p>\n\n\n\n<div style=\"height:20px\" aria-hidden=\"true\" class=\"wp-block-spacer\"><\/div>\n\n\n\n<ul class=\"wp-block-outermost-social-sharing has-icon-color has-icon-background-color is-style-default has-no-margin is-horizontal is-content-justification-center is-nowrap is-layout-flex wp-container-outermost-social-sharing-is-layout-1 wp-block-social-sharing-is-layout-flex\"><li style=\"color: #ffffff; background-color: #182c49; \" class=\"outermost-social-sharing-link outermost-social-sharing-link-facebook has-white-color wp-block-outermost-social-sharing-link\">\n\t<a href=\"https:\/\/www.facebook.com\/sharer\/sharer.php?u=https%3A%2F%2Fstories.valora.com%2Fde%2Fvalora-baut-schneesport-sponsoring-aus%2F&#038;title=%C2%ABWas%20den%20Schneesport%20mit%20k%20kiosk%20verbindet%3F%20Sie%20sind%20Schweizer%20Kulturg%C3%BCter%C2%BB\" aria-label=\"Share on Facebook\" rel=\"noopener nofollow\" target=\"_blank\" class=\"wp-block-outermost-social-sharing-link-anchor\">\n\t\t<svg width=\"24\" height=\"24\" viewBox=\"0 0 24 24\" version=\"1.1\" xmlns=\"http:\/\/www.w3.org\/2000\/svg\" aria-hidden=\"true\" focusable=\"false\"><path d=\"M12 2C6.5 2 2 6.5 2 12c0 5 3.7 9.1 8.4 9.9v-7H7.9V12h2.5V9.8c0-2.5 1.5-3.9 3.8-3.9 1.1 0 2.2.2 2.2.2v2.5h-1.3c-1.2 0-1.6.8-1.6 1.6V12h2.8l-.4 2.9h-2.3v7C18.3 21.1 22 17 22 12c0-5.5-4.5-10-10-10z\"><\/path><\/svg>\t\t<span class=\"wp-block-outermost-social-sharing-link-label screen-reader-text\">\n\t\t\tShare on Facebook\t\t<\/span>\n\t<\/a>\n<\/li>\n\n\n<li style=\"color: #ffffff; background-color: #182c49; \" class=\"outermost-social-sharing-link outermost-social-sharing-link-x has-white-color wp-block-outermost-social-sharing-link\">\n\t<a href=\"https:\/\/x.com\/share?url=https%3A%2F%2Fstories.valora.com%2Fde%2Fvalora-baut-schneesport-sponsoring-aus%2F&#038;text=%C2%ABWas%20den%20Schneesport%20mit%20k%20kiosk%20verbindet%3F%20Sie%20sind%20Schweizer%20Kulturg%C3%BCter%C2%BB\" aria-label=\"Email this Page\" rel=\"noopener nofollow\" target=\"_blank\" class=\"wp-block-outermost-social-sharing-link-anchor\">\n\t\t<svg width=\"24\" height=\"24\" viewBox=\"0 0 24 24\" version=\"1.1\" xmlns=\"http:\/\/www.w3.org\/2000\/svg\" aria-hidden=\"true\" focusable=\"false\"><path d=\"M13.982 10.622 20.54 3h-1.554l-5.693 6.618L8.745 3H3.5l6.876 10.007L3.5 21h1.554l6.012-6.989L15.868 21h5.245l-7.131-10.378Zm-2.128 2.474-.697-.997-5.543-7.93H8l4.474 6.4.697.996 5.815 8.318h-2.387l-4.745-6.787Z\"><\/path><\/svg>\t\t<span class=\"wp-block-outermost-social-sharing-link-label screen-reader-text\">\n\t\t\tEmail this Page\t\t<\/span>\n\t<\/a>\n<\/li>\n\n\n<li style=\"color: #ffffff; background-color: #182c49; \" class=\"outermost-social-sharing-link outermost-social-sharing-link-linkedin has-white-color wp-block-outermost-social-sharing-link\">\n\t<a href=\"https:\/\/www.linkedin.com\/shareArticle?mini=true&#038;url=https%3A%2F%2Fstories.valora.com%2Fde%2Fvalora-baut-schneesport-sponsoring-aus%2F&#038;title=%C2%ABWas%20den%20Schneesport%20mit%20k%20kiosk%20verbindet%3F%20Sie%20sind%20Schweizer%20Kulturg%C3%BCter%C2%BB\" aria-label=\"Share on LinkedIn\" rel=\"noopener nofollow\" target=\"_blank\" class=\"wp-block-outermost-social-sharing-link-anchor\">\n\t\t<svg width=\"24\" height=\"24\" viewBox=\"0 0 24 24\" version=\"1.1\" xmlns=\"http:\/\/www.w3.org\/2000\/svg\" aria-hidden=\"true\" focusable=\"false\"><path d=\"M19.7,3H4.3C3.582,3,3,3.582,3,4.3v15.4C3,20.418,3.582,21,4.3,21h15.4c0.718,0,1.3-0.582,1.3-1.3V4.3 C21,3.582,20.418,3,19.7,3z M8.339,18.338H5.667v-8.59h2.672V18.338z M7.004,8.574c-0.857,0-1.549-0.694-1.549-1.548 c0-0.855,0.691-1.548,1.549-1.548c0.854,0,1.547,0.694,1.547,1.548C8.551,7.881,7.858,8.574,7.004,8.574z M18.339,18.338h-2.669 v-4.177c0-0.996-0.017-2.278-1.387-2.278c-1.389,0-1.601,1.086-1.601,2.206v4.249h-2.667v-8.59h2.559v1.174h0.037 c0.356-0.675,1.227-1.387,2.526-1.387c2.703,0,3.203,1.779,3.203,4.092V18.338z\"><\/path><\/svg>\t\t<span class=\"wp-block-outermost-social-sharing-link-label screen-reader-text\">\n\t\t\tShare on LinkedIn\t\t<\/span>\n\t<\/a>\n<\/li>\n\n\n<li style=\"color: #ffffff; background-color: #182c49; \" class=\"outermost-social-sharing-link outermost-social-sharing-link-pinterest has-white-color wp-block-outermost-social-sharing-link\">\n\t<a href=\"https:\/\/pinterest.com\/pin\/create\/button\/?&#038;url=https%3A%2F%2Fstories.valora.com%2Fde%2Fvalora-baut-schneesport-sponsoring-aus%2F&#038;description=%C2%ABWas%20den%20Schneesport%20mit%20k%20kiosk%20verbindet%3F%20Sie%20sind%20Schweizer%20Kulturg%C3%BCter%C2%BB&#038;media=https%3A%2F%2Fstories.valora.com%2Fwp-content%2Fuploads%2F2023%2F11%2FJunior_Schweizermeisterschaft-AudiSkiCross-HochYbrig-%C2%A9ABrown2019-28-1600x1066.jpg\" aria-label=\"Share on Pinterest\" rel=\"noopener nofollow\" target=\"_blank\" class=\"wp-block-outermost-social-sharing-link-anchor\">\n\t\t<svg width=\"24\" height=\"24\" viewBox=\"0 0 24 24\" version=\"1.1\" xmlns=\"http:\/\/www.w3.org\/2000\/svg\" aria-hidden=\"true\" focusable=\"false\"><path d=\"M12.289,2C6.617,2,3.606,5.648,3.606,9.622c0,1.846,1.025,4.146,2.666,4.878c0.25,0.111,0.381,0.063,0.439-0.169 c0.044-0.175,0.267-1.029,0.365-1.428c0.032-0.128,0.017-0.237-0.091-0.362C6.445,11.911,6.01,10.75,6.01,9.668 c0-2.777,2.194-5.464,5.933-5.464c3.23,0,5.49,2.108,5.49,5.122c0,3.407-1.794,5.768-4.13,5.768c-1.291,0-2.257-1.021-1.948-2.277 c0.372-1.495,1.089-3.112,1.089-4.191c0-0.967-0.542-1.775-1.663-1.775c-1.319,0-2.379,1.309-2.379,3.059 c0,1.115,0.394,1.869,0.394,1.869s-1.302,5.279-1.54,6.261c-0.405,1.666,0.053,4.368,0.094,4.604 c0.021,0.126,0.167,0.169,0.25,0.063c0.129-0.165,1.699-2.419,2.142-4.051c0.158-0.59,0.817-2.995,0.817-2.995 c0.43,0.784,1.681,1.446,3.013,1.446c3.963,0,6.822-3.494,6.822-7.833C20.394,5.112,16.849,2,12.289,2\"><\/path><\/svg>\t\t<span class=\"wp-block-outermost-social-sharing-link-label screen-reader-text\">\n\t\t\tShare on Pinterest\t\t<\/span>\n\t<\/a>\n<\/li>\n\n\n<li style=\"color: #ffffff; background-color: #182c49; \" class=\"outermost-social-sharing-link outermost-social-sharing-link-mail has-white-color wp-block-outermost-social-sharing-link\">\n\t<a href=\"mailto:?subject=%C2%ABWas%20den%20Schneesport%20mit%20k%20kiosk%20verbindet%3F%20Sie%20sind%20Schweizer%20Kulturg%C3%BCter%C2%BB&#038;body=%C2%ABWas%20den%20Schneesport%20mit%20k%20kiosk%20verbindet%3F%20Sie%20sind%20Schweizer%20Kulturg%C3%BCter%C2%BB%20&mdash;%20https%3A%2F%2Fstories.valora.com%2Fde%2Fvalora-baut-schneesport-sponsoring-aus%2F\" aria-label=\"Email this Page\"  class=\"wp-block-outermost-social-sharing-link-anchor\">\n\t\t<svg width=\"24\" height=\"24\" viewBox=\"0 0 24 24\" version=\"1.1\" xmlns=\"http:\/\/www.w3.org\/2000\/svg\" aria-hidden=\"true\" focusable=\"false\"><path d=\"M20,4H4C2.895,4,2,4.895,2,6v12c0,1.105,0.895,2,2,2h16c1.105,0,2-0.895,2-2V6C22,4.895,21.105,4,20,4z M20,8.236l-8,4.882 L4,8.236V6h16V8.236z\"><\/path><\/svg>\t\t<span class=\"wp-block-outermost-social-sharing-link-label screen-reader-text\">\n\t\t\tEmail this Page\t\t<\/span>\n\t<\/a>\n<\/li>\n<\/ul>\n<\/div><\/div>\n<\/div><\/div>\n","protected":false},"excerpt":{"rendered":"<p>Ski Alpin, Skicross, Nachwuchsf\u00f6rderung: Valora baut ihr Schneesport-Sponsoring in Zusammenarbeit mit Swiss-Ski aus. <\/p>\n","protected":false},"author":1,"featured_media":12815,"comment_status":"closed","ping_status":"open","sticky":false,"template":"","format":"standard","meta":{"_coblocks_attr":"","_coblocks_dimensions":"","_coblocks_responsive_height":"","_coblocks_accordion_ie_support":"","footnotes":""},"categories":[5],"tags":[6323,6322,6321,6264],"class_list":["post-12795","post","type-post","status-publish","format-standard","has-post-thumbnail","hentry","category-business-de","tag-k-kiosk","tag-ok","tag-schneesport","tag-sponsoring"],"pbg_featured_image_src":{"full":["https:\/\/stories.valora.com\/wp-content\/uploads\/2023\/11\/Junior_Schweizermeisterschaft-AudiSkiCross-HochYbrig-\u00a9ABrown2019-28.jpg",2048,1365,false],"thumbnail":["https:\/\/stories.valora.com\/wp-content\/uploads\/2023\/11\/Junior_Schweizermeisterschaft-AudiSkiCross-HochYbrig-\u00a9ABrown2019-28-420x280.jpg",420,280,true],"medium":["https:\/\/stories.valora.com\/wp-content\/uploads\/2023\/11\/Junior_Schweizermeisterschaft-AudiSkiCross-HochYbrig-\u00a9ABrown2019-28-1200x800.jpg",1200,800,true],"medium_large":["https:\/\/stories.valora.com\/wp-content\/uploads\/2023\/11\/Junior_Schweizermeisterschaft-AudiSkiCross-HochYbrig-\u00a9ABrown2019-28-768x512.jpg",768,512,true],"large":["https:\/\/stories.valora.com\/wp-content\/uploads\/2023\/11\/Junior_Schweizermeisterschaft-AudiSkiCross-HochYbrig-\u00a9ABrown2019-28-1600x1066.jpg",1600,1066,true],"1536x1536":["https:\/\/stories.valora.com\/wp-content\/uploads\/2023\/11\/Junior_Schweizermeisterschaft-AudiSkiCross-HochYbrig-\u00a9ABrown2019-28-1536x1024.jpg",1536,1024,true],"2048x2048":["https:\/\/stories.valora.com\/wp-content\/uploads\/2023\/11\/Junior_Schweizermeisterschaft-AudiSkiCross-HochYbrig-\u00a9ABrown2019-28.jpg",2048,1365,false],"valorastories-image":["https:\/\/stories.valora.com\/wp-content\/uploads\/2023\/11\/Junior_Schweizermeisterschaft-AudiSkiCross-HochYbrig-\u00a9ABrown2019-28-800x800.jpg",800,800,true],"valorastories-image-slider":["https:\/\/stories.valora.com\/wp-content\/uploads\/2023\/11\/Junior_Schweizermeisterschaft-AudiSkiCross-HochYbrig-\u00a9ABrown2019-28-1200x800.jpg",1200,800,true],"valorastories-image-zoomed":["https:\/\/stories.valora.com\/wp-content\/uploads\/2023\/11\/Junior_Schweizermeisterschaft-AudiSkiCross-HochYbrig-\u00a9ABrown2019-28-1800x1200.jpg",1800,1200,true],"valorastories-image-big":["https:\/\/stories.valora.com\/wp-content\/uploads\/2023\/11\/Junior_Schweizermeisterschaft-AudiSkiCross-HochYbrig-\u00a9ABrown2019-28.jpg",2048,1365,false],"twentyseventeen-featured-image":["https:\/\/stories.valora.com\/wp-content\/uploads\/2023\/11\/Junior_Schweizermeisterschaft-AudiSkiCross-HochYbrig-\u00a9ABrown2019-28-2000x1200.jpg",2000,1200,true],"twentyseventeen-thumbnail-avatar":["https:\/\/stories.valora.com\/wp-content\/uploads\/2023\/11\/Junior_Schweizermeisterschaft-AudiSkiCross-HochYbrig-\u00a9ABrown2019-28-100x100.jpg",100,100,true],"rp4wp-thumbnail-post":["https:\/\/stories.valora.com\/wp-content\/uploads\/2023\/11\/Junior_Schweizermeisterschaft-AudiSkiCross-HochYbrig-\u00a9ABrown2019-28-400x267.jpg",400,267,true]},"pbg_author_info":{"display_name":"Valora Stories","author_link":"https:\/\/stories.valora.com\/de\/author\/stories-valora\/","author_img":"<img alt='Valora Stories' src='https:\/\/secure.gravatar.com\/avatar\/4c7dcea5f2af7c4afaf9da5eb51a7c9d?s=128&#038;d=mm&#038;r=g' srcset='https:\/\/secure.gravatar.com\/avatar\/4c7dcea5f2af7c4afaf9da5eb51a7c9d?s=256&#038;d=mm&#038;r=g 2x' class='avatar avatar-128 photo' height='128' width='128' loading='lazy' decoding='async'\/>"},"pbg_comment_info":" No Comments","pbg_excerpt":"Ski Alpin, Skicross, Nachwuchsf\u00f6rderung: Valora baut ihr Schneesport-Sponsoring in Zusammenarbeit mit Swiss-Ski aus.","_links":{"self":[{"href":"https:\/\/stories.valora.com\/de\/wp-json\/wp\/v2\/posts\/12795","targetHints":{"allow":["GET"]}}],"collection":[{"href":"https:\/\/stories.valora.com\/de\/wp-json\/wp\/v2\/posts"}],"about":[{"href":"https:\/\/stories.valora.com\/de\/wp-json\/wp\/v2\/types\/post"}],"author":[{"embeddable":true,"href":"https:\/\/stories.valora.com\/de\/wp-json\/wp\/v2\/users\/1"}],"replies":[{"embeddable":true,"href":"https:\/\/stories.valora.com\/de\/wp-json\/wp\/v2\/comments?post=12795"}],"version-history":[{"count":163,"href":"https:\/\/stories.valora.com\/de\/wp-json\/wp\/v2\/posts\/12795\/revisions"}],"predecessor-version":[{"id":13439,"href":"https:\/\/stories.valora.com\/de\/wp-json\/wp\/v2\/posts\/12795\/revisions\/13439"}],"wp:featuredmedia":[{"embeddable":true,"href":"https:\/\/stories.valora.com\/de\/wp-json\/wp\/v2\/media\/12815"}],"wp:attachment":[{"href":"https:\/\/stories.valora.com\/de\/wp-json\/wp\/v2\/media?parent=12795"}],"wp:term":[{"taxonomy":"category","embeddable":true,"href":"https:\/\/stories.valora.com\/de\/wp-json\/wp\/v2\/categories?post=12795"},{"taxonomy":"post_tag","embeddable":true,"href":"https:\/\/stories.valora.com\/de\/wp-json\/wp\/v2\/tags?post=12795"}],"curies":[{"name":"wp","href":"https:\/\/api.w.org\/{rel}","templated":true}]}}